{"id":14364,"date":"2023-01-20T11:53:03","date_gmt":"2023-01-20T14:53:03","guid":{"rendered":"http:\/\/dgospel.com.br\/portal\/?p=14364"},"modified":"2023-01-20T11:53:04","modified_gmt":"2023-01-20T14:53:04","slug":"lula-quer-alterar-constituicao-e-criar-guarda-nacional-entenda","status":"publish","type":"post","link":"https:\/\/dgospel.com.br\/portal\/index.php\/2023\/01\/20\/lula-quer-alterar-constituicao-e-criar-guarda-nacional-entenda\/","title":{"rendered":"Lula quer alterar Constitui\u00e7\u00e3o e criar Guarda Nacional; entenda"},"content":{"rendered":"\n<p>Utilizando o argumento de resposta aos ataques de 8 de janeiro, no Distrito Federal, o governo cogita uma s\u00e9rie de altera\u00e7\u00f5es na legisla\u00e7\u00e3o. Uma delas \u00e9 em um artigo da Constitui\u00e7\u00e3o para a cria\u00e7\u00e3o de uma Guarda Nacional, em partes da legisla\u00e7\u00e3o penal e na Lei de Defesa do Estado Democr\u00e1tico de Direito (Lei 14.197 de 2021).<\/p>\n\n\n\n<p>Para ser criada a Guarda Nacional teria de ser feita uma mudan\u00e7a na lei, via Proposta de Emenda \u00e0 Constitui\u00e7\u00e3o (PEC). A ideia \u00e9 que a Guarda n\u00e3o tenha integrantes das For\u00e7as Armadas e responda pela seguran\u00e7a no tocante \u00e0 Presid\u00eancia da Rep\u00fablica. Seria um escudo n\u00e3o s\u00f3 do Planalto, mas dos Tr\u00eas Poderes, e que n\u00e3o responderia ao Distrito Federal, mas diretamente ao governo federal.<\/p>\n\n\n\n<p>O tamanho dessa corpora\u00e7\u00e3o ainda est\u00e1 sendo discutido, mas j\u00e1 se sabe que ela ser\u00e1 composta por pessoas que sejam aprovadas em concurso espec\u00edfico e que tenha um car\u00e1ter civil, mas ostensivo, como as Guardas Civis Metropolitanas. Como o processo de concurso demanda tempo, \u00e9 poss\u00edvel que o corpo inicial seja formado por integrantes da Pol\u00edcia Militar do Distrito Federal, por exemplo.<\/p>\n\n\n\n<p>H\u00e1 muitos pontos a serem discutidos e acertados quanto \u00e0 implementa\u00e7\u00e3o da Guarda Nacional, como quest\u00f5es jur\u00eddicas, altera\u00e7\u00f5es em c\u00f3digos, constitui\u00e7\u00e3o, forma\u00e7\u00e3o da corpora\u00e7\u00e3o, \u00e1rea de atua\u00e7\u00e3o, mas o assunto ser\u00e1 debatido com o Minist\u00e9rio das Rela\u00e7\u00f5es Exteriores, com o Minist\u00e9rio da Justi\u00e7a, com o delegado-geral da Pol\u00edcia Federal, Andrei Rodrigues, e com representantes do Itamaraty, a fim de harmonizar a prote\u00e7\u00e3o das embaixadas.<\/p>\n","protected":false},"excerpt":{"rendered":"<p>Utilizando o argumento de resposta aos ataques de 8 de janeiro, no Distrito Federal, o governo cogita uma s\u00e9rie de altera\u00e7\u00f5es na legisla\u00e7\u00e3o. Uma delas \u00e9 em um artigo da Constitui\u00e7\u00e3o para a cria\u00e7\u00e3o de uma Guarda Nacional, em partes da legisla\u00e7\u00e3o penal e na Lei de Defesa do Estado Democr\u00e1tico de Direito (Lei 14.197 [&hellip;]<\/p>\n","protected":false},"author":2,"featured_media":14365,"comment_status":"open","ping_status":"open","sticky":false,"template":"","format":"standard","meta":[],"categories":[10],"tags":[],"_links":{"self":[{"href":"https:\/\/dgospel.com.br\/portal\/index.php\/wp-json\/wp\/v2\/posts\/14364"}],"collection":[{"href":"https:\/\/dgospel.com.br\/portal\/index.php\/wp-json\/wp\/v2\/posts"}],"about":[{"href":"https:\/\/dgospel.com.br\/portal\/index.php\/wp-json\/wp\/v2\/types\/post"}],"author":[{"embeddable":true,"href":"https:\/\/dgospel.com.br\/portal\/index.php\/wp-json\/wp\/v2\/users\/2"}],"replies":[{"embeddable":true,"href":"https:\/\/dgospel.com.br\/portal\/index.php\/wp-json\/wp\/v2\/comments?post=14364"}],"version-history":[{"count":1,"href":"https:\/\/dgospel.com.br\/portal\/index.php\/wp-json\/wp\/v2\/posts\/14364\/revisions"}],"predecessor-version":[{"id":14366,"href":"https:\/\/dgospel.com.br\/portal\/index.php\/wp-json\/wp\/v2\/posts\/14364\/revisions\/14366"}],"wp:featuredmedia":[{"embeddable":true,"href":"https:\/\/dgospel.com.br\/portal\/index.php\/wp-json\/wp\/v2\/media\/14365"}],"wp:attachment":[{"href":"https:\/\/dgospel.com.br\/portal\/index.php\/wp-json\/wp\/v2\/media?parent=14364"}],"wp:term":[{"taxonomy":"category","embeddable":true,"href":"https:\/\/dgospel.com.br\/portal\/index.php\/wp-json\/wp\/v2\/categories?post=14364"},{"taxonomy":"post_tag","embeddable":true,"href":"https:\/\/dgospel.com.br\/portal\/index.php\/wp-json\/wp\/v2\/tags?post=14364"}],"curies":[{"name":"wp","href":"https:\/\/api.w.org\/{rel}","templated":true}]}}