{"id":1437,"date":"2018-09-25T23:48:08","date_gmt":"2018-09-26T02:48:08","guid":{"rendered":"http:\/\/dgospel.com.br\/portal\/?p=1437"},"modified":"2018-09-25T23:48:08","modified_gmt":"2018-09-26T02:48:08","slug":"cesar-halum-diz-que-lutara-para-corrigir-as-desigualdades-sociais","status":"publish","type":"post","link":"https:\/\/dgospel.com.br\/portal\/index.php\/2018\/09\/25\/cesar-halum-diz-que-lutara-para-corrigir-as-desigualdades-sociais\/","title":{"rendered":"C\u00e9sar Halum diz que lutar\u00e1 para corrigir as desigualdades sociais"},"content":{"rendered":"<p>Durante reuni\u00e3o, realizada na noite desta segunda-feira, 24, em Palmas, o candidato a senador C\u00e9sar Halum (PRB) disse que os tocantinenses ter\u00e3o no Senado Federal um representante que lutar\u00e1 constantemente para \u201ccorrigir as desigualdades sociais existentes no Estado e defender as minorias que tanto tem sofrido e s\u00e3o desprestigiadas pelos governos sucessivos que tivemos. Precisamos combater e corrigir essas distor\u00e7\u00f5es\u201d, defendeu o republicano.<\/p>\n<p>&nbsp;<\/p>\n<p>Confiante, o candidato, pela coliga\u00e7\u00e3o \u201cGoverno de Atitude\u201d falou sobre o trabalho que seus correligion\u00e1rios est\u00e3o fazendo em prol de sua elei\u00e7\u00e3o, a exemplo da vereadora Arlene, de Silvan\u00f3polis. \u201c\u00c9 justamente o trabalho da Arlene e de tantas outras pessoas espalhadas pelo estado que cada dia minha confian\u00e7a aumenta mais e a certeza da vit\u00f3ria \u00e9 t\u00e3o grande que quando eu vejo eles montarem pesquisas de todo lado pra ver se tira o C\u00e9sar Halum do rumo, eu fico muito tranquilo com tudo isso\u201d, disse.<\/p>\n<p>&nbsp;<\/p>\n<p>Ao comentar sobre as pesquisas de inten\u00e7\u00f5es de voto, Halum lembrou que os institutos de pesquisas n\u00e3o v\u00e3o na zona rural, local em que ele tem expressiva vota\u00e7\u00e3o. \u201c\u00c9 na zona rural que tenho a maioria dos votos, porque quando mudei para o estado, ainda era Goi\u00e1s e cheguei aqui como m\u00e9dico veterin\u00e1rio da Secretaria da Agricultura daquele Estado, sempre ajudei o homem do campo, 70% da energia el\u00e9trica da zona rural foi levada pelas minhas m\u00e3os\u201d, afirmou.<\/p>\n<p>&nbsp;<\/p>\n<p>Halum, ainda destacou que levou \u00e1gua e melhorou as estradas que d\u00e3o acesso aos assentamos, al\u00e9m de contribuir com o aumento da produ\u00e7\u00e3o dos pequenos agricultores, com a distribui\u00e7\u00e3o de sementes e calc\u00e1rio.<\/p>\n<p>&nbsp;<\/p>\n<p>O presidente do Sindicato dos Policiais Rodovi\u00e1rios do Tocantins, Marco Ant\u00f4nio, disse que C\u00e9sar Halum \u00e9 um parlamentar que trabalha em prol da seguran\u00e7a p\u00fablica. \u201cDurante esses anos C\u00e9sar Halum destinou emendas parlamentares para seguran\u00e7a, trabalhou em projetos que s\u00e3o de interesses da pol\u00edcia rodovi\u00e1ria que refletem diretamente na sociedade tocantinense. \u00c9 por isso que n\u00f3s aqui no Estado do Tocantins temos uma pol\u00edcia forte e eficaz. \u00c9 um homem que trabalha pela fam\u00edlia e pelos tocantinenses em todas as \u00e1reas\u201d.<\/p>\n<p>&nbsp;<\/p>\n<p>O prefeito de Monte Santo, Cl\u00e9o Aparecido disse ser f\u00e1cil pedir voto para C\u00e9sar Halum, porque ele busca atender as demandas dos munic\u00edpios. \u201cEm Monte Santo e Para\u00edso, C\u00e9sar Halum ter\u00e1 uma vota\u00e7\u00e3o expressiva. Trabalhamos em prol de um amanh\u00e3 melhor e vamos conseguir. Retornei \u00e0 Prefeitura em 2017 e C\u00e9sar Halum come\u00e7ou colocando emendas para ajudar a cidade\u201d, disse.<\/p>\n","protected":false},"excerpt":{"rendered":"<p>Durante reuni\u00e3o, realizada na noite desta segunda-feira, 24, em Palmas, o candidato a senador C\u00e9sar Halum (PRB) disse que os tocantinenses ter\u00e3o no Senado Federal um representante que lutar\u00e1 constantemente para \u201ccorrigir as desigualdades sociais existentes no Estado e defender as minorias que tanto tem sofrido e s\u00e3o desprestigiadas pelos governos sucessivos que tivemos. Precisamos [&hellip;]<\/p>\n","protected":false},"author":2,"featured_media":1438,"comment_status":"open","ping_status":"open","sticky":false,"template":"","format":"standard","meta":[],"categories":[2,4],"tags":[],"_links":{"self":[{"href":"https:\/\/dgospel.com.br\/portal\/index.php\/wp-json\/wp\/v2\/posts\/1437"}],"collection":[{"href":"https:\/\/dgospel.com.br\/portal\/index.php\/wp-json\/wp\/v2\/posts"}],"about":[{"href":"https:\/\/dgospel.com.br\/portal\/index.php\/wp-json\/wp\/v2\/types\/post"}],"author":[{"embeddable":true,"href":"https:\/\/dgospel.com.br\/portal\/index.php\/wp-json\/wp\/v2\/users\/2"}],"replies":[{"embeddable":true,"href":"https:\/\/dgospel.com.br\/portal\/index.php\/wp-json\/wp\/v2\/comments?post=1437"}],"version-history":[{"count":1,"href":"https:\/\/dgospel.com.br\/portal\/index.php\/wp-json\/wp\/v2\/posts\/1437\/revisions"}],"predecessor-version":[{"id":1439,"href":"https:\/\/dgospel.com.br\/portal\/index.php\/wp-json\/wp\/v2\/posts\/1437\/revisions\/1439"}],"wp:featuredmedia":[{"embeddable":true,"href":"https:\/\/dgospel.com.br\/portal\/index.php\/wp-json\/wp\/v2\/media\/1438"}],"wp:attachment":[{"href":"https:\/\/dgospel.com.br\/portal\/index.php\/wp-json\/wp\/v2\/media?parent=1437"}],"wp:term":[{"taxonomy":"category","embeddable":true,"href":"https:\/\/dgospel.com.br\/portal\/index.php\/wp-json\/wp\/v2\/categories?post=1437"},{"taxonomy":"post_tag","embeddable":true,"href":"https:\/\/dgospel.com.br\/portal\/index.php\/wp-json\/wp\/v2\/tags?post=1437"}],"curies":[{"name":"wp","href":"https:\/\/api.w.org\/{rel}","templated":true}]}}