{"id":14379,"date":"2023-01-20T12:27:40","date_gmt":"2023-01-20T15:27:40","guid":{"rendered":"http:\/\/dgospel.com.br\/portal\/?p=14379"},"modified":"2023-01-20T12:27:41","modified_gmt":"2023-01-20T15:27:41","slug":"musa-do-lockdown-primeira-ministra-de-esquerda-da-nova-zelandia-renuncia","status":"publish","type":"post","link":"https:\/\/dgospel.com.br\/portal\/index.php\/2023\/01\/20\/musa-do-lockdown-primeira-ministra-de-esquerda-da-nova-zelandia-renuncia\/","title":{"rendered":"\u2018Musa do\u00a0lockdown\u2019, primeira-ministra de esquerda da Nova Zel\u00e2ndia renuncia"},"content":{"rendered":"\n<p>Autora de um dos&nbsp;<em>lockdowns<\/em>&nbsp;mais r\u00edgidos em pa\u00edses democr\u00e1ticos durante a pandemia de covid-19, a primeira-ministra da&nbsp;Nova Zel\u00e2ndia,&nbsp;<strong><a href=\"https:\/\/twitter.com\/jacindaardern\" target=\"_blank\" rel=\"noreferrer noopener\">Jacinda Ardern<\/a><\/strong>, anunciou que ir\u00e1 renunciar ao cargo nos pr\u00f3ximos dias. Em mensagem nesta quinta-feira, 19 (noite da quarta-feira, no hor\u00e1rio de Bras\u00edlia), exibida pela TV neozelandesa, Jacinda disse que n\u00e3o vai se candidatar \u00e0 reelei\u00e7\u00e3o e que dever\u00e1 renunciar at\u00e9 o come\u00e7o de fevereiro.<\/p>\n\n\n\n<p>Ela n\u00e3o explicou os motivos que levaram \u00e0 decis\u00e3o, mas disse que \u201cn\u00e3o tem mais combust\u00edvel para seguir na carreira\u201d, e afirmou que acredita na vit\u00f3ria do Partido Trabalhista, sua legenda, nas pr\u00f3ximas elei\u00e7\u00f5es, em outubro.<\/p>\n\n\n\n<p>\u201cEu sei que haver\u00e1 muita discuss\u00e3o ap\u00f3s esta decis\u00e3o sobre qual foi o chamado motivo \u2018real\u2019. O \u00fanico \u00e2ngulo interessante que voc\u00ea encontrar\u00e1 \u00e9 que, depois de enfrentar seis anos de grandes desafios, eu sou humana. Os pol\u00edticos s\u00e3o humanos. Damos tudo o que podemos, pelo tempo que pudermos, e ent\u00e3o \u00e9 a hora. E, para mim, \u00e9 a hora\u201d, disse Jacinda, de 42 anos.<\/p>\n\n\n\n<p>H\u00e1 pouco mais de um m\u00eas, foi instaurada na Nova Zel\u00e2ndia uma Comiss\u00e3o Real de Inqu\u00e9rito, o mais alto grau de investiga\u00e7\u00e3o do pa\u00eds, para analisar como o pa\u00eds governado por Jacinda desde 2017 lidou com a pandemia.<\/p>\n\n\n\n<p>Com duros confinamentos, a Nova Zel\u00e2ndia registrou apenas 19 mil casos e 53 mortes at\u00e9 fevereiro de 2022. Por\u00e9m, os n\u00fameros dispararam. No come\u00e7o de dezembro, quando a comiss\u00e3o foi instaurada, j\u00e1 eram quase 2 milh\u00f5es de casos e mais de 2,2 mil mortes.<\/p>\n\n\n\n<p>Esquerdista e defensora de amplas pol\u00edticas ambientais, ela foi reeleita em 2020 e nos \u00faltimos meses tamb\u00e9m travou<a href=\"https:\/\/revistaoeste.com\/mundo\/nova-zelandia-agricultores-protestam-contra-imposto-sobre-gases-naturais-do-gado\/\">&nbsp;<strong>uma briga com os agricultores neozelandeses ao anunciar um imposto para os gases naturais de bois e carneiros<\/strong><\/a>.<\/p>\n\n\n\n<p>Segundo ela, no comunicado, apesar de sua ren\u00fancia ao cargo de primeira-ministra, \u201cas quest\u00f5es que mais afetam os neozelandeses continuar\u00e3o sendo o foco do governo durante este ano e nas elei\u00e7\u00f5es\u201d.<\/p>\n\n\n\n<p>Com a ren\u00fancia, Jacinda deixar\u00e1 o cargo de l\u00edder do Partido Trabalhista at\u00e9 o dia 7 de fevereiro, mas continuar\u00e1 com a vaga de deputada at\u00e9 outubro, quando ser\u00e3o realizadas as elei\u00e7\u00f5es parlamentares. O partido dever\u00e1 decidir, nos pr\u00f3ximos dias, quem presidir\u00e1 a legenda e ser\u00e1, portanto, o novo primeiro-ministro.<\/p>\n","protected":false},"excerpt":{"rendered":"<p>Autora de um dos&nbsp;lockdowns&nbsp;mais r\u00edgidos em pa\u00edses democr\u00e1ticos durante a pandemia de covid-19, a primeira-ministra da&nbsp;Nova Zel\u00e2ndia,&nbsp;Jacinda Ardern, anunciou que ir\u00e1 renunciar ao cargo nos pr\u00f3ximos dias. Em mensagem nesta quinta-feira, 19 (noite da quarta-feira, no hor\u00e1rio de Bras\u00edlia), exibida pela TV neozelandesa, Jacinda disse que n\u00e3o vai se candidatar \u00e0 reelei\u00e7\u00e3o e que dever\u00e1 [&hellip;]<\/p>\n","protected":false},"author":2,"featured_media":14380,"comment_status":"open","ping_status":"open","sticky":false,"template":"","format":"standard","meta":[],"categories":[16],"tags":[],"_links":{"self":[{"href":"https:\/\/dgospel.com.br\/portal\/index.php\/wp-json\/wp\/v2\/posts\/14379"}],"collection":[{"href":"https:\/\/dgospel.com.br\/portal\/index.php\/wp-json\/wp\/v2\/posts"}],"about":[{"href":"https:\/\/dgospel.com.br\/portal\/index.php\/wp-json\/wp\/v2\/types\/post"}],"author":[{"embeddable":true,"href":"https:\/\/dgospel.com.br\/portal\/index.php\/wp-json\/wp\/v2\/users\/2"}],"replies":[{"embeddable":true,"href":"https:\/\/dgospel.com.br\/portal\/index.php\/wp-json\/wp\/v2\/comments?post=14379"}],"version-history":[{"count":1,"href":"https:\/\/dgospel.com.br\/portal\/index.php\/wp-json\/wp\/v2\/posts\/14379\/revisions"}],"predecessor-version":[{"id":14381,"href":"https:\/\/dgospel.com.br\/portal\/index.php\/wp-json\/wp\/v2\/posts\/14379\/revisions\/14381"}],"wp:featuredmedia":[{"embeddable":true,"href":"https:\/\/dgospel.com.br\/portal\/index.php\/wp-json\/wp\/v2\/media\/14380"}],"wp:attachment":[{"href":"https:\/\/dgospel.com.br\/portal\/index.php\/wp-json\/wp\/v2\/media?parent=14379"}],"wp:term":[{"taxonomy":"category","embeddable":true,"href":"https:\/\/dgospel.com.br\/portal\/index.php\/wp-json\/wp\/v2\/categories?post=14379"},{"taxonomy":"post_tag","embeddable":true,"href":"https:\/\/dgospel.com.br\/portal\/index.php\/wp-json\/wp\/v2\/tags?post=14379"}],"curies":[{"name":"wp","href":"https:\/\/api.w.org\/{rel}","templated":true}]}}