{"id":14385,"date":"2023-01-20T13:15:40","date_gmt":"2023-01-20T16:15:40","guid":{"rendered":"http:\/\/dgospel.com.br\/portal\/?p=14385"},"modified":"2023-01-20T13:15:42","modified_gmt":"2023-01-20T16:15:42","slug":"governo-do-tocantins-assina-termo-para-ampliacao-do-programa-de-eficiencia-energetica-nos-hospitais-estaduais","status":"publish","type":"post","link":"https:\/\/dgospel.com.br\/portal\/index.php\/2023\/01\/20\/governo-do-tocantins-assina-termo-para-ampliacao-do-programa-de-eficiencia-energetica-nos-hospitais-estaduais\/","title":{"rendered":"Governo do Tocantins assina termo para amplia\u00e7\u00e3o do Programa de Efici\u00eancia Energ\u00e9tica nos hospitais estaduais"},"content":{"rendered":"\n<p>O Governo do Tocantins, por meio da Secretaria da Sa\u00fade (SES-TO), e o Grupo Energisa Tocantins assinaram, nesta sexta-feira, 20, um Termo de Coopera\u00e7\u00e3o T\u00e9cnica do Programa de Efici\u00eancia Energ\u00e9tica (PEE), da Ag\u00eancia Nacional de Energia El\u00e9trica (Aneel). A parceria visa a&nbsp;moderniza\u00e7\u00e3o energ\u00e9tica de unidades p\u00fablicas para reduzir o consumo, melhorar as instala\u00e7\u00f5es el\u00e9tricas, com foco no uso racional. O montante a ser investido \u00e9 de aproximadamente R$ 800 mil e a conclus\u00e3o das obras deve ser ainda em 2023.<\/p>\n\n\n\n<p>Ser\u00e3o beneficiadas as unidades hospitalares de Augustin\u00f3polis, Aragua\u00edna, Dian\u00f3polis e Para\u00edso do Tocantins. Este \u00e9 o segundo Termo de Coopera\u00e7\u00e3o assinado pela SES-TO e a concession\u00e1ria de energia do Tocantins. O primeiro beneficiou o Hospital Geral de Palmas (HGP) e o Hospital e Maternidade Dona Regina (HMDR) com investimentos na ordem de R$ 2,3 milh\u00f5es e R$ 400 mil, respectivamente, e as unidades conseguiram redu\u00e7\u00e3o de mais de 25% no consumo de energia.<\/p>\n\n\n\n<p>O secret\u00e1rio de Estado da Sa\u00fade, Afonso Piva, celebrou mais um benef\u00edcio para a popula\u00e7\u00e3o tocantinense.&nbsp;\u201cAs parceiras que colaboram com melhoria dos servi\u00e7os p\u00fablicos de sa\u00fade s\u00e3o sempre bem-vindas. Esta economia vai ser revestida em equipamentos, medicamentos e materiais para as unidades\u201d, frisa o gestor acrescentando que&nbsp;os atuais projetos devem vislumbrar as obras de amplia\u00e7\u00f5es em andamento no Estado, como em Augustin\u00f3polis que ter\u00e1 a amplia\u00e7\u00e3o da maternidade e centro de parto natural.&nbsp;<\/p>\n\n\n\n<p>\u201cA Energisa est\u00e1 atendendo a um chamamento priorit\u00e1rio da Ag\u00eancia Nacional de Energia El\u00e9trica para executar esse projeto de efici\u00eancia energ\u00e9tica, que vai proporcionar maior conforto e qualidade no consumo de energia el\u00e9trica dos hospitais, beneficiando a popula\u00e7\u00e3o tocantinense\u201d, explica o diretor de rela\u00e7\u00f5es institucionais da Energisa Tocantins, Alankardek Moreira.<\/p>\n\n\n\n<p><strong>Novos equipamentos<\/strong><\/p>\n\n\n\n<p>\u201cPor meio do conv\u00eanio, a Energisa far\u00e1 a implanta\u00e7\u00e3o de um sistema de gera\u00e7\u00e3o fotovoltaica em cada hospital, al\u00e9m da instala\u00e7\u00e3o de l\u00e2mpadas de LED e aparelhos de ar-condicionado. Para executar esse projeto, contamos com o apoio da Secretaria de Sa\u00fade a fim de proporcionarmos maior economia de energia nos hospitais\u201d, destaca o analista de Efici\u00eancia Energ\u00e9tica, Domingos Junior.<\/p>\n\n\n\n<p>Tamb\u00e9m estiveram presentes na assinatura do termo, os analistas de Relacionamento com Poder P\u00fablico, Caroline Maus e Lutiary Bas\u00edlio (representantes da Energisa); a superintendente de Gest\u00e3o Administrativa, Lisiara Gemelli; o diretor de servi\u00e7os Administrativos, Ullannes Passos Rios; e o gerente de Manuten\u00e7\u00e3o, Reforma e Constru\u00e7\u00e3o, Isac Souza (representantes da SES-TO).<\/p>\n\n\n\n<p><strong>Programa<\/strong><\/p>\n\n\n\n<p>Conforme a Ag\u00eancia Nacional de Energia El\u00e9trica (Aneel), o &nbsp;Programa de Efici\u00eancia Energ\u00e9tica (PEE) tem o objetivo de promover o uso eficiente da energia el\u00e9trica em todos os setores da economia. Para tanto, concession\u00e1rias e permission\u00e1rias de servi\u00e7os p\u00fablicos de distribui\u00e7\u00e3o de energia el\u00e9trica s\u00e3o obrigadas a aplicar anualmente um montante de sua receita l\u00edquida em pesquisa e desenvolvimento do setor el\u00e9trico, conforme disposto na&nbsp;<a href=\"http:\/\/www.planalto.gov.br\/ccivil_03\/leis\/l9991.htm\">Lei n\u00ba 9.991, de 24 de julho de 2000<\/a>.&nbsp;<\/p>\n\n\n\n<p>Edi\u00e7\u00e3o: Caroline Spricigo<\/p>\n\n\n\n<p><img src=\"https:\/\/central.to.gov.br\/image\/315685?w=670&amp;h=383\"><\/p>\n\n\n\n<p>Celebra\u00e7\u00e3o de parceria contou com representantes do Governo e Concession\u00e1ria &#8211; Aldenes Lima\/Governo do Tocantins\u00a0<\/p>\n\n\n\n<p><img src=\"https:\/\/central.to.gov.br\/image\/315683?w=670&amp;h=383\"><\/p>\n\n\n\n<p>Alankardek Moreira \u00e9 diretor de rela\u00e7\u00f5es institucionais da Energisa Tocantins &#8211; Aldenes Lima\/Governo do Tocantins\u00a0<\/p>\n","protected":false},"excerpt":{"rendered":"<p>O Governo do Tocantins, por meio da Secretaria da Sa\u00fade (SES-TO), e o Grupo Energisa Tocantins assinaram, nesta sexta-feira, 20, um Termo de Coopera\u00e7\u00e3o T\u00e9cnica do Programa de Efici\u00eancia Energ\u00e9tica (PEE), da Ag\u00eancia Nacional de Energia El\u00e9trica (Aneel). A parceria visa a&nbsp;moderniza\u00e7\u00e3o energ\u00e9tica de unidades p\u00fablicas para reduzir o consumo, melhorar as instala\u00e7\u00f5es el\u00e9tricas, com [&hellip;]<\/p>\n","protected":false},"author":2,"featured_media":14386,"comment_status":"open","ping_status":"open","sticky":false,"template":"","format":"standard","meta":[],"categories":[3],"tags":[13],"_links":{"self":[{"href":"https:\/\/dgospel.com.br\/portal\/index.php\/wp-json\/wp\/v2\/posts\/14385"}],"collection":[{"href":"https:\/\/dgospel.com.br\/portal\/index.php\/wp-json\/wp\/v2\/posts"}],"about":[{"href":"https:\/\/dgospel.com.br\/portal\/index.php\/wp-json\/wp\/v2\/types\/post"}],"author":[{"embeddable":true,"href":"https:\/\/dgospel.com.br\/portal\/index.php\/wp-json\/wp\/v2\/users\/2"}],"replies":[{"embeddable":true,"href":"https:\/\/dgospel.com.br\/portal\/index.php\/wp-json\/wp\/v2\/comments?post=14385"}],"version-history":[{"count":1,"href":"https:\/\/dgospel.com.br\/portal\/index.php\/wp-json\/wp\/v2\/posts\/14385\/revisions"}],"predecessor-version":[{"id":14387,"href":"https:\/\/dgospel.com.br\/portal\/index.php\/wp-json\/wp\/v2\/posts\/14385\/revisions\/14387"}],"wp:featuredmedia":[{"embeddable":true,"href":"https:\/\/dgospel.com.br\/portal\/index.php\/wp-json\/wp\/v2\/media\/14386"}],"wp:attachment":[{"href":"https:\/\/dgospel.com.br\/portal\/index.php\/wp-json\/wp\/v2\/media?parent=14385"}],"wp:term":[{"taxonomy":"category","embeddable":true,"href":"https:\/\/dgospel.com.br\/portal\/index.php\/wp-json\/wp\/v2\/categories?post=14385"},{"taxonomy":"post_tag","embeddable":true,"href":"https:\/\/dgospel.com.br\/portal\/index.php\/wp-json\/wp\/v2\/tags?post=14385"}],"curies":[{"name":"wp","href":"https:\/\/api.w.org\/{rel}","templated":true}]}}