{"id":14394,"date":"2023-01-20T13:30:40","date_gmt":"2023-01-20T16:30:40","guid":{"rendered":"http:\/\/dgospel.com.br\/portal\/?p=14394"},"modified":"2023-01-20T13:30:41","modified_gmt":"2023-01-20T16:30:41","slug":"jamais-seria-publicado-diz-bolsonaro-sobre-texto-da-minuta-encontrada-na-casa-de-torres","status":"publish","type":"post","link":"https:\/\/dgospel.com.br\/portal\/index.php\/2023\/01\/20\/jamais-seria-publicado-diz-bolsonaro-sobre-texto-da-minuta-encontrada-na-casa-de-torres\/","title":{"rendered":"\u201cJamais seria publicado\u201d, diz Bolsonaro sobre texto da minuta encontrada na casa de Torres"},"content":{"rendered":"\n<p>O ex-presidente Jair Bolsonaro (PL), informou ao TSE, atrav\u00e9s de sua defesa, que a minuta encontrada na resid\u00eancia de seu ex-ministro da Justi\u00e7a, Anderson Torres, \u00e9 \u201cap\u00f3crifa\u201d e \u201cnunca extravasou o plano da cogita\u00e7\u00e3o\u201d.<\/p>\n\n\n\n<p>A defesa de Bolsonaro tamb\u00e9m pediu que a Justi\u00e7a Eleitoral desconsidere o documento e o retire da a\u00e7\u00e3o do TSE, j\u00e1 que o referido documento \u201cjamais foi publicado \u2013 e nem o seria, j\u00e1 que o mandato do primeiro investigado como presidente da Rep\u00fablica findou-se em 31 de dezembro de 2022\u201d.<\/p>\n\n\n\n<p>\u201c\u00c9 necess\u00e1rio consignar que o documento ap\u00f3crifo, juntado aos autos, n\u00e3o foi encontrado em posse dos investigados, nem assinado por eles, e a pe\u00e7a de juntada tampouco indica quaisquer atos concretos ou ao menos indici\u00e1rios de que tenham participado de sua reda\u00e7\u00e3o ou agido para que as provid\u00eancias supostamente pretendidas pelo documento fossem materializadas no plano da realidade fenom\u00eanica\u201d, afirmam os advogados de Bolsonaro.<\/p>\n","protected":false},"excerpt":{"rendered":"<p>O ex-presidente Jair Bolsonaro (PL), informou ao TSE, atrav\u00e9s de sua defesa, que a minuta encontrada na resid\u00eancia de seu ex-ministro da Justi\u00e7a, Anderson Torres, \u00e9 \u201cap\u00f3crifa\u201d e \u201cnunca extravasou o plano da cogita\u00e7\u00e3o\u201d. A defesa de Bolsonaro tamb\u00e9m pediu que a Justi\u00e7a Eleitoral desconsidere o documento e o retire da a\u00e7\u00e3o do TSE, j\u00e1 [&hellip;]<\/p>\n","protected":false},"author":2,"featured_media":14395,"comment_status":"open","ping_status":"open","sticky":false,"template":"","format":"standard","meta":[],"categories":[4],"tags":[],"_links":{"self":[{"href":"https:\/\/dgospel.com.br\/portal\/index.php\/wp-json\/wp\/v2\/posts\/14394"}],"collection":[{"href":"https:\/\/dgospel.com.br\/portal\/index.php\/wp-json\/wp\/v2\/posts"}],"about":[{"href":"https:\/\/dgospel.com.br\/portal\/index.php\/wp-json\/wp\/v2\/types\/post"}],"author":[{"embeddable":true,"href":"https:\/\/dgospel.com.br\/portal\/index.php\/wp-json\/wp\/v2\/users\/2"}],"replies":[{"embeddable":true,"href":"https:\/\/dgospel.com.br\/portal\/index.php\/wp-json\/wp\/v2\/comments?post=14394"}],"version-history":[{"count":1,"href":"https:\/\/dgospel.com.br\/portal\/index.php\/wp-json\/wp\/v2\/posts\/14394\/revisions"}],"predecessor-version":[{"id":14396,"href":"https:\/\/dgospel.com.br\/portal\/index.php\/wp-json\/wp\/v2\/posts\/14394\/revisions\/14396"}],"wp:featuredmedia":[{"embeddable":true,"href":"https:\/\/dgospel.com.br\/portal\/index.php\/wp-json\/wp\/v2\/media\/14395"}],"wp:attachment":[{"href":"https:\/\/dgospel.com.br\/portal\/index.php\/wp-json\/wp\/v2\/media?parent=14394"}],"wp:term":[{"taxonomy":"category","embeddable":true,"href":"https:\/\/dgospel.com.br\/portal\/index.php\/wp-json\/wp\/v2\/categories?post=14394"},{"taxonomy":"post_tag","embeddable":true,"href":"https:\/\/dgospel.com.br\/portal\/index.php\/wp-json\/wp\/v2\/tags?post=14394"}],"curies":[{"name":"wp","href":"https:\/\/api.w.org\/{rel}","templated":true}]}}