{"id":14398,"date":"2023-01-24T08:43:22","date_gmt":"2023-01-24T11:43:22","guid":{"rendered":"http:\/\/dgospel.com.br\/portal\/?p=14398"},"modified":"2023-01-24T08:43:22","modified_gmt":"2023-01-24T11:43:22","slug":"apos-solicitacao-de-leo-barbosa-governo-assinara-ordem-de-servico-para-construcao-de-auditorio-em-colegio-de-taquarucu","status":"publish","type":"post","link":"https:\/\/dgospel.com.br\/portal\/index.php\/2023\/01\/24\/apos-solicitacao-de-leo-barbosa-governo-assinara-ordem-de-servico-para-construcao-de-auditorio-em-colegio-de-taquarucu\/","title":{"rendered":"Ap\u00f3s solicita\u00e7\u00e3o de L\u00e9o Barbosa, Governo assinar\u00e1 ordem de servi\u00e7o para constru\u00e7\u00e3o de audit\u00f3rio em col\u00e9gio de Taquaru\u00e7u"},"content":{"rendered":"\n<p>Ap\u00f3s solicita\u00e7\u00f5es do deputado estadual L\u00e9o Barbosa (Republicanos), o secret\u00e1rio Executivo da Secretaria de Estado da Educa\u00e7\u00e3o (Seduc), F\u00e1bio Pereira Vaz, confirmou na manh\u00e3 desta segunda-feira, 23, que o Governo do Tocantins far\u00e1 a assinatura da Ordem de Servi\u00e7o para a constru\u00e7\u00e3o de um audit\u00f3rio e reforma no Col\u00e9gio Duque de Caxias em Taquaru\u00e7u.&nbsp;<\/p>\n\n\n\n<p>Desde o in\u00edcio do seu primeiro mandato, o parlamentar tem solicitado a constru\u00e7\u00e3o do audit\u00f3rio e enfatizado a necessidade de um espa\u00e7o adequado para a realiza\u00e7\u00e3o de solenidades, palestras e outros eventos em Taquaru\u00e7u. Atualmente, o distrito n\u00e3o possui nenhum audit\u00f3rio para atender as demandas da comunidade.<\/p>\n\n\n\n<p>&#8220;O investimento \u00e9 fruto de solicita\u00e7\u00f5es que venho fazendo desde o in\u00edcio do mandato e fico muito feliz em poder contribuir com melhorias para o col\u00e9gio em que fui aluno e que \u00e9 t\u00e3o importante para o nosso distrito. Tenho certeza que este audit\u00f3rio proporcionar\u00e1 muito mais conforto n\u00e3o s\u00f3 para os alunos, mas para toda comunidade&#8221;, destacou L\u00e9o.<\/p>\n\n\n\n<p>Durante uma reuni\u00e3o realizada na Secretaria Estadual da Educa\u00e7\u00e3o (Seduc), o secret\u00e1rio F\u00e1bio Vaz explicou que a assinatura da ordem de servi\u00e7o est\u00e1 prevista para o dia 2 de fevereiro e que al\u00e9m do investimento para a constru\u00e7\u00e3o do espa\u00e7o que ter\u00e1 capacidade para cerca de 200 pessoas, a unidade educacional tamb\u00e9m passar\u00e1 por reformas na parte estrutural e el\u00e9trica.<\/p>\n\n\n\n<p>Tamb\u00e9m esteve presente na reuni\u00e3o o&nbsp;superintendente de Obras, Administra\u00e7\u00e3o e Infraestrutura da Secretaria de Educa\u00e7\u00e3o, Marcus Tadeu Ribeiro de Barros.<\/p>\n","protected":false},"excerpt":{"rendered":"<p>Ap\u00f3s solicita\u00e7\u00f5es do deputado estadual L\u00e9o Barbosa (Republicanos), o secret\u00e1rio Executivo da Secretaria de Estado da Educa\u00e7\u00e3o (Seduc), F\u00e1bio Pereira Vaz, confirmou na manh\u00e3 desta segunda-feira, 23, que o Governo do Tocantins far\u00e1 a assinatura da Ordem de Servi\u00e7o para a constru\u00e7\u00e3o de um audit\u00f3rio e reforma no Col\u00e9gio Duque de Caxias em Taquaru\u00e7u.&nbsp; Desde [&hellip;]<\/p>\n","protected":false},"author":2,"featured_media":14399,"comment_status":"open","ping_status":"open","sticky":false,"template":"","format":"standard","meta":[],"categories":[8],"tags":[],"_links":{"self":[{"href":"https:\/\/dgospel.com.br\/portal\/index.php\/wp-json\/wp\/v2\/posts\/14398"}],"collection":[{"href":"https:\/\/dgospel.com.br\/portal\/index.php\/wp-json\/wp\/v2\/posts"}],"about":[{"href":"https:\/\/dgospel.com.br\/portal\/index.php\/wp-json\/wp\/v2\/types\/post"}],"author":[{"embeddable":true,"href":"https:\/\/dgospel.com.br\/portal\/index.php\/wp-json\/wp\/v2\/users\/2"}],"replies":[{"embeddable":true,"href":"https:\/\/dgospel.com.br\/portal\/index.php\/wp-json\/wp\/v2\/comments?post=14398"}],"version-history":[{"count":1,"href":"https:\/\/dgospel.com.br\/portal\/index.php\/wp-json\/wp\/v2\/posts\/14398\/revisions"}],"predecessor-version":[{"id":14400,"href":"https:\/\/dgospel.com.br\/portal\/index.php\/wp-json\/wp\/v2\/posts\/14398\/revisions\/14400"}],"wp:featuredmedia":[{"embeddable":true,"href":"https:\/\/dgospel.com.br\/portal\/index.php\/wp-json\/wp\/v2\/media\/14399"}],"wp:attachment":[{"href":"https:\/\/dgospel.com.br\/portal\/index.php\/wp-json\/wp\/v2\/media?parent=14398"}],"wp:term":[{"taxonomy":"category","embeddable":true,"href":"https:\/\/dgospel.com.br\/portal\/index.php\/wp-json\/wp\/v2\/categories?post=14398"},{"taxonomy":"post_tag","embeddable":true,"href":"https:\/\/dgospel.com.br\/portal\/index.php\/wp-json\/wp\/v2\/tags?post=14398"}],"curies":[{"name":"wp","href":"https:\/\/api.w.org\/{rel}","templated":true}]}}