{"id":1440,"date":"2018-09-26T15:42:25","date_gmt":"2018-09-26T18:42:25","guid":{"rendered":"http:\/\/dgospel.com.br\/portal\/?p=1440"},"modified":"2018-09-26T15:42:25","modified_gmt":"2018-09-26T18:42:25","slug":"cinthia-ribeiro-assegura-r-40-mi-para-construcao-de-mais-500-unidades-habitacionais","status":"publish","type":"post","link":"https:\/\/dgospel.com.br\/portal\/index.php\/2018\/09\/26\/cinthia-ribeiro-assegura-r-40-mi-para-construcao-de-mais-500-unidades-habitacionais\/","title":{"rendered":"Cinthia Ribeiro assegura R$ 40 mi para constru\u00e7\u00e3o de mais 500 unidades habitacionais"},"content":{"rendered":"<p class=\"yiv0205415464MsoNormal\">Dois dias ap\u00f3s se reunir em audi\u00eancia com o ministro das Cidades, Alexandre Baldy, a prefeita de Palmas Cinthia Ribeiro assegurou a contrata\u00e7\u00e3o de mais 500 unidades habitacionais do Programa Minha Casa Minha Vida &#8211; Fundo de Arrendamento Residencial. A rela\u00e7\u00e3o das propostas selecionadas est\u00e1 publicada no Di\u00e1rio Oficial da Uni\u00e3o (DOU), desta quarta-feira, 26.<\/p>\n<p class=\"yiv0205415464MsoNormal\">Com investimentos na ordem de R$ 40 milh\u00f5es, as unidades habitacionais ser\u00e3o destinadas \u00e0s fam\u00edlias\u00a0 com renda familiar de at\u00e9 R$ 1.800,00,\u00a0 na faixa 1 do Programa Minha Casa Minha Vida. \u201cTrata-se do reconhecimento da forma respons\u00e1vel com que conduzimos esses projetos habitacionais, selecionando com crit\u00e9rio e muita responsabilidade, as fam\u00edlias que realmente se enquadram no programa\u201d, enfatizou a prefeita.<\/p>\n<p class=\"yiv0205415464MsoNormal\">As unidades habitacionais ser\u00e3o constru\u00eddas no setor Jardim Vit\u00f3ria, ao lado do setor industrial de Taquaralto.\u00a0 No loteamento j\u00e1 est\u00e3o sendo constru\u00eddas 500 unidades habitacionais pelo Programa Minha Casa Minha Vida. As obras j\u00e1 est\u00e3o bem adiantadas e a expectativa \u00e9 que o canteiro de obras n\u00e3o se desmobilize com o in\u00edcio da constru\u00e7\u00e3o das novas unidades.<\/p>\n<p class=\"yiv0205415464MsoNormal\">Cinthia Ribeiro acrescentou que al\u00e9m do alcance social, o empreendimento tem uma import\u00e2ncia econ\u00f4mica muito grande, pelos empregos diretos que geram no canteiro de obras e os indiretos, por meio do fornecimento de insumos para a obra, fornecimento de refei\u00e7\u00f5es, transporte e outros. \u201cTudo isso forma um c\u00edrculo virtuoso que d\u00e1 dinamismo \u00e0 nossa economia\u201d, complementou.<\/p>\n<p class=\"yiv0205415464MsoNormal\">De acordo com o secret\u00e1rio extraordin\u00e1rio Habita\u00e7\u00e3o e de Assuntos Estrat\u00e9gicos, Capta\u00e7\u00e3o de Recursos e Energias Sustent\u00e1veis, F\u00e1bio Frantz, o prazo para assinar o contrato ser\u00e1 de at\u00e9 60 dias.\u00a0 \u201cO prazo de constru\u00e7\u00e3o das unidades habitacionais \u00e9 de 24 meses ap\u00f3s a assinatura do contrato, o que vai gerar aproximadamente cem empregos direitos\u201d, acrescentando que as fam\u00edlias interessadas dever\u00e3o fazer ou atualizar o cadastro em uma das tr\u00eas Unidades do Resolve Palmas, da Capital.<\/p>\n<p class=\"yiv0205415464MsoNormal\">A audi\u00eancia com o ministro Baldy \u00e9 resultado de uma articula\u00e7\u00e3o conjunta com o presidente da Federa\u00e7\u00e3o das Ind\u00fastrias do Tocantins (Fieto), Roberto Pires. A prefeita Cinthia Ribeiro estava acompanhada dos secret\u00e1rios de Infraestrutura e Servi\u00e7os P\u00fablicos, Ant\u00f4nio Trabulsi, de Governo e Rela\u00e7\u00f5es Institucionais, C\u00e9sar Augusto Guimar\u00e3es, e o extraordin\u00e1rio de Assuntos Estrat\u00e9gicos, Capta\u00e7\u00e3o de Recursos e Energias Sustent\u00e1veis, F\u00e1bio Frantz.<\/p>\n","protected":false},"excerpt":{"rendered":"<p>Dois dias ap\u00f3s se reunir em audi\u00eancia com o ministro das Cidades, Alexandre Baldy, a prefeita de Palmas Cinthia Ribeiro assegurou a contrata\u00e7\u00e3o de mais 500 unidades habitacionais do Programa Minha Casa Minha Vida &#8211; Fundo de Arrendamento Residencial. A rela\u00e7\u00e3o das propostas selecionadas est\u00e1 publicada no Di\u00e1rio Oficial da Uni\u00e3o (DOU), desta quarta-feira, 26. [&hellip;]<\/p>\n","protected":false},"author":2,"featured_media":1441,"comment_status":"open","ping_status":"open","sticky":false,"template":"","format":"standard","meta":[],"categories":[2,3],"tags":[],"_links":{"self":[{"href":"https:\/\/dgospel.com.br\/portal\/index.php\/wp-json\/wp\/v2\/posts\/1440"}],"collection":[{"href":"https:\/\/dgospel.com.br\/portal\/index.php\/wp-json\/wp\/v2\/posts"}],"about":[{"href":"https:\/\/dgospel.com.br\/portal\/index.php\/wp-json\/wp\/v2\/types\/post"}],"author":[{"embeddable":true,"href":"https:\/\/dgospel.com.br\/portal\/index.php\/wp-json\/wp\/v2\/users\/2"}],"replies":[{"embeddable":true,"href":"https:\/\/dgospel.com.br\/portal\/index.php\/wp-json\/wp\/v2\/comments?post=1440"}],"version-history":[{"count":1,"href":"https:\/\/dgospel.com.br\/portal\/index.php\/wp-json\/wp\/v2\/posts\/1440\/revisions"}],"predecessor-version":[{"id":1442,"href":"https:\/\/dgospel.com.br\/portal\/index.php\/wp-json\/wp\/v2\/posts\/1440\/revisions\/1442"}],"wp:featuredmedia":[{"embeddable":true,"href":"https:\/\/dgospel.com.br\/portal\/index.php\/wp-json\/wp\/v2\/media\/1441"}],"wp:attachment":[{"href":"https:\/\/dgospel.com.br\/portal\/index.php\/wp-json\/wp\/v2\/media?parent=1440"}],"wp:term":[{"taxonomy":"category","embeddable":true,"href":"https:\/\/dgospel.com.br\/portal\/index.php\/wp-json\/wp\/v2\/categories?post=1440"},{"taxonomy":"post_tag","embeddable":true,"href":"https:\/\/dgospel.com.br\/portal\/index.php\/wp-json\/wp\/v2\/tags?post=1440"}],"curies":[{"name":"wp","href":"https:\/\/api.w.org\/{rel}","templated":true}]}}