{"id":14407,"date":"2023-01-24T15:20:52","date_gmt":"2023-01-24T18:20:52","guid":{"rendered":"http:\/\/dgospel.com.br\/portal\/?p=14407"},"modified":"2023-01-24T15:20:52","modified_gmt":"2023-01-24T18:20:52","slug":"espanha-vive-protestos-contra-o-governo-socialista-de-pedro-sanchez","status":"publish","type":"post","link":"https:\/\/dgospel.com.br\/portal\/index.php\/2023\/01\/24\/espanha-vive-protestos-contra-o-governo-socialista-de-pedro-sanchez\/","title":{"rendered":"Espanha vive protestos contra o governo socialista de Pedro S\u00e1nchez"},"content":{"rendered":"\n<p>Manifesta\u00e7\u00e3o convocada por cerca de cem associa\u00e7\u00f5es e grupos da sociedade civil na pra\u00e7a Cibeles, em Madrid contra o governo Pedro S\u00e1nchez, defendeu bandeiras consideradas de \u2018<em>direita<\/em>\u2019 e contou com representantes do Partido Popular, do Vox e do Cidad\u00e3os.<\/p>\n\n\n\n<p><em>\u201cN\u00e3o se trata de esquerda, direita ou centro, mas de n\u00e3o permanecer impass\u00edvel perante a grave eros\u00e3o das nossas institui\u00e7\u00f5es, a deteriora\u00e7\u00e3o da nossa democracia e o enfraquecimento do nosso Estado\u201d<\/em>, anotou o manifesto do protesto.<\/p>\n\n\n\n<p>Sob o lema&nbsp;<em>\u201cpela Espanha, pela democracia e pela Constitui\u00e7\u00e3o\u201d<\/em>, os protestos afirmam que o atual governo coloca a democracia em risco. Segundo eles, o governo est\u00e1 sequestrando institui\u00e7\u00f5es, libertando partid\u00e1rios do ETA (Euskadi Ta Askatasuna \u2013 em basco: P\u00e1tria Basca e Liberdade) devido a revis\u00f5es do C\u00f3digo Penal e diminuindo penas de condenados ap\u00f3s a entrada em vigor da nova lei de agress\u00e3o sexual.<\/p>\n\n\n\n<p>O \u00fanico pol\u00edtico de express\u00e3o nacional presente foi o presidente do partido Vox, Santiago Abascal que declarou estar convencido da&nbsp;<em>\u201cnecessidade de uma mobiliza\u00e7\u00e3o permanente e massiva at\u00e9 a expuls\u00e3o do autocrata Pedro S\u00e1nchez do poder\u201d.<\/em><\/p>\n\n\n\n<p>Para Abascal, o ato foi contra&nbsp;<em>\u201co pior governo da hist\u00f3ria\u201d<\/em>&nbsp;da Espanha, que&nbsp;<em>\u201cpisou na Constitui\u00e7\u00e3o ao prender os espanh\u00f3is\u201d<\/em>, referindo-se \u00e0 quarentena durante a pandemia, enquanto liberta&nbsp;<em>\u201ccriminosos\u201d<\/em>. Para os organizadores, as recentes mudan\u00e7as no C\u00f3digo Penal mostram que o governo est\u00e1&nbsp;<em>\u201cadaptando\u201d<\/em>&nbsp;as leis para que criminosos saiam \u00e0s ruas. Isso seria um primeiro passo de um plano&nbsp;<em>\u201coculto e de largo alcance\u201d<\/em>&nbsp;para realizar&nbsp;<em>\u201cmudan\u00e7as constitucionais ileg\u00edtimas\u201d.<\/em><\/p>\n\n\n\n<p>J\u00e1 o presidente S\u00e1nchez disse que o protesto foi feito por cidad\u00e3os nost\u00e1lgicos.&nbsp;<em>\u201cEles defendem uma Espanha quebrada, uniforme e excludente\u201d<\/em>, disse.&nbsp;<em>\u201cSomos uma maioria de espanh\u00f3is que quer uma Espanha unida, em conviv\u00eancia, que respeite a diversidade e avance em direitos e prosperidade.\u201d<\/em><\/p>\n\n\n\n<p>Em dezembro de 2022 o Parlamento daquele pa\u00eds aprovou a reforma do C\u00f3digo Penal que suprimiu da legisla\u00e7\u00e3o do pa\u00eds crimes pelos quais foram condenados nove l\u00edderes separatistas catal\u00e3es, al\u00e9m do crime de sedi\u00e7\u00e3o. A mudan\u00e7a tamb\u00e9m reduziu a pena prevista para peculato, justamente as acusa\u00e7\u00f5es que pesavam contra o ex-presidente do governo catal\u00e3o Carles Puigdemont e outros l\u00edderes separatistas.<\/p>\n\n\n\n<p>Na semana passada, na sequ\u00eancia da reforma do C\u00f3digo Penal, a Suprema Corte da Espanha arquivou a a\u00e7\u00e3o contra Puigdemont por sedi\u00e7\u00e3o. Ainda pesam contra ele acusa\u00e7\u00f5es de peculato.<\/p>\n\n\n\n<p>Puigdemont se exilou na B\u00e9lgica para evitar ser preso ap\u00f3s protagonizar uma tentativa de independ\u00eancia da Catalunha por meio de um plebiscito, em 2017. A vota\u00e7\u00e3o jamais foi reconhecida por Madri.<\/p>\n\n\n\n<p>A redu\u00e7\u00e3o das tens\u00f5es com a Catalunha tem sido uma das prioridades do governo de S\u00e1nchez. Em 2019, o primeiro-ministro j\u00e1 havia concedido indulto aos l\u00edderes catal\u00e3es para evitar que fossem presos. Eles haviam sido condenados a penas de 9 a 13 anos de pris\u00e3o.<\/p>\n\n\n\n<p>J\u00e1 a nova Lei da Liberdade Sexual, que entrou em vigor em outubro, acabou tendo o efeito oposto do esperado. Homens condenados por estupro tiveram penas reduzidas, e alguns foram at\u00e9 libertados.<\/p>\n\n\n\n<p>A norma eliminou distin\u00e7\u00f5es entre abuso e agress\u00e3o sexual e forneceu detalhamento maior das poss\u00edveis penas, o que levou a uma enxurrada de pedidos de revis\u00e3o de senten\u00e7as. Ao menos 15 condenados por agress\u00e3o sexual tiveram suas penas reduzidas, sendo que quatro deles foram colocados em liberdade.<\/p>\n\n\n\n<p>O governo de S\u00e1nchez apoiou a medida, afirmando que seu prop\u00f3sito era dar \u00e0s mulheres mais garantias de que qualquer tipo de agress\u00e3o sexual ser\u00e1 punido.<\/p>\n","protected":false},"excerpt":{"rendered":"<p>Manifesta\u00e7\u00e3o convocada por cerca de cem associa\u00e7\u00f5es e grupos da sociedade civil na pra\u00e7a Cibeles, em Madrid contra o governo Pedro S\u00e1nchez, defendeu bandeiras consideradas de \u2018direita\u2019 e contou com representantes do Partido Popular, do Vox e do Cidad\u00e3os. \u201cN\u00e3o se trata de esquerda, direita ou centro, mas de n\u00e3o permanecer impass\u00edvel perante a grave [&hellip;]<\/p>\n","protected":false},"author":2,"featured_media":14408,"comment_status":"open","ping_status":"open","sticky":false,"template":"","format":"standard","meta":[],"categories":[16],"tags":[],"_links":{"self":[{"href":"https:\/\/dgospel.com.br\/portal\/index.php\/wp-json\/wp\/v2\/posts\/14407"}],"collection":[{"href":"https:\/\/dgospel.com.br\/portal\/index.php\/wp-json\/wp\/v2\/posts"}],"about":[{"href":"https:\/\/dgospel.com.br\/portal\/index.php\/wp-json\/wp\/v2\/types\/post"}],"author":[{"embeddable":true,"href":"https:\/\/dgospel.com.br\/portal\/index.php\/wp-json\/wp\/v2\/users\/2"}],"replies":[{"embeddable":true,"href":"https:\/\/dgospel.com.br\/portal\/index.php\/wp-json\/wp\/v2\/comments?post=14407"}],"version-history":[{"count":1,"href":"https:\/\/dgospel.com.br\/portal\/index.php\/wp-json\/wp\/v2\/posts\/14407\/revisions"}],"predecessor-version":[{"id":14409,"href":"https:\/\/dgospel.com.br\/portal\/index.php\/wp-json\/wp\/v2\/posts\/14407\/revisions\/14409"}],"wp:featuredmedia":[{"embeddable":true,"href":"https:\/\/dgospel.com.br\/portal\/index.php\/wp-json\/wp\/v2\/media\/14408"}],"wp:attachment":[{"href":"https:\/\/dgospel.com.br\/portal\/index.php\/wp-json\/wp\/v2\/media?parent=14407"}],"wp:term":[{"taxonomy":"category","embeddable":true,"href":"https:\/\/dgospel.com.br\/portal\/index.php\/wp-json\/wp\/v2\/categories?post=14407"},{"taxonomy":"post_tag","embeddable":true,"href":"https:\/\/dgospel.com.br\/portal\/index.php\/wp-json\/wp\/v2\/tags?post=14407"}],"curies":[{"name":"wp","href":"https:\/\/api.w.org\/{rel}","templated":true}]}}