{"id":14410,"date":"2023-01-24T15:25:59","date_gmt":"2023-01-24T18:25:59","guid":{"rendered":"http:\/\/dgospel.com.br\/portal\/?p=14410"},"modified":"2023-01-24T15:26:01","modified_gmt":"2023-01-24T18:26:01","slug":"deputado-diz-que-bancada-do-agronegocio-esta-receosa-com-governo-lula","status":"publish","type":"post","link":"https:\/\/dgospel.com.br\/portal\/index.php\/2023\/01\/24\/deputado-diz-que-bancada-do-agronegocio-esta-receosa-com-governo-lula\/","title":{"rendered":"Deputado diz que bancada do agroneg\u00f3cio est\u00e1 receosa com governo Lula"},"content":{"rendered":"\n<p>O deputado federal e presidente eleito da Frente Parlamentar da Agropecu\u00e1ria, Pedro Lupion (Progressistas-PR), apontou um desgaste entre o agroneg\u00f3cio e a gest\u00e3o do presidente Lula (PT). Ele deu declara\u00e7\u00f5es em entrevista ao&nbsp;<em>Jornal da Manh\u00e3<\/em>, da Jovem Pan News.<\/p>\n\n\n\n<p>\u2013 Estamos assustados e um pouco receosos com rela\u00e7\u00e3o ao in\u00edcio deste novo governo e as atitudes que foram tomadas em rela\u00e7\u00e3o ao agro. O desmonte total do Minist\u00e9rio da Agricultura, retirar partes importantes do minist\u00e9rio e mandar para o Minist\u00e9rio Agr\u00e1rio, como foi o caso da agricultura familiar, como \u00e9 o caso tamb\u00e9m do Cadastro Ambiental Rural, enviado para o Minist\u00e9rio do Meio Ambiente \u2013 falou.<\/p>\n\n\n\n<p>E acrescentou:<\/p>\n\n\n\n<p>\u2013 A pr\u00f3pria Conab deixou de fazer parte do Minist\u00e9rio da Agricultura. Isso tudo nos preocupa muito, porque a gente perde a concentra\u00e7\u00e3o da for\u00e7a de intelig\u00eancia do planejamento do agro brasileiro de planejar o plano Safra, de calcular o que vai precisar de seguro, como que tem que ser os juros e o que vamos precisar de apoio do governo para as pr\u00f3ximas safras. N\u00f3s estamos em um momento em que a gente vem de pelo menos quatro safras de defasagem, j\u00e1 temos problemas de estiagem no Sul do pa\u00eds e isso vai gerar problemas para a gente ter que enfrentar a quest\u00e3o do seguro. A preocupa\u00e7\u00e3o \u00e9 muito grande em rela\u00e7\u00e3o ao Minist\u00e9rio da Economia e, principalmente, essa quest\u00e3o do desmonte total do Minist\u00e9rio da Agricultura (\u2026). S\u00e3o grandes os desafios, mas a nossa bancada continua sendo a maior do Congresso, j\u00e1 somos praticamente 315 parlamentares para poder fazer a for\u00e7a que o agro precisa dentro do Congresso Nacional.<\/p>\n\n\n\n<figure class=\"wp-block-embed is-type-video is-provider-youtube wp-block-embed-youtube wp-embed-aspect-16-9 wp-has-aspect-ratio\"><div class=\"wp-block-embed__wrapper\">\n<iframe loading=\"lazy\" title=\"Deputado federal avalia expectativa do agroneg\u00f3cio em 2023\" width=\"630\" height=\"354\" src=\"https:\/\/www.youtube.com\/embed\/KClw8Q9_gYc?feature=oembed\" frameborder=\"0\" allow=\"accelerometer; autoplay; clipboard-write; encrypted-media; gyroscope; picture-in-picture; web-share\" allowfullscreen><\/iframe>\n<\/div><\/figure>\n","protected":false},"excerpt":{"rendered":"<p>O deputado federal e presidente eleito da Frente Parlamentar da Agropecu\u00e1ria, Pedro Lupion (Progressistas-PR), apontou um desgaste entre o agroneg\u00f3cio e a gest\u00e3o do presidente Lula (PT). Ele deu declara\u00e7\u00f5es em entrevista ao&nbsp;Jornal da Manh\u00e3, da Jovem Pan News. \u2013 Estamos assustados e um pouco receosos com rela\u00e7\u00e3o ao in\u00edcio deste novo governo e as [&hellip;]<\/p>\n","protected":false},"author":2,"featured_media":14411,"comment_status":"open","ping_status":"open","sticky":false,"template":"","format":"standard","meta":[],"categories":[8],"tags":[],"_links":{"self":[{"href":"https:\/\/dgospel.com.br\/portal\/index.php\/wp-json\/wp\/v2\/posts\/14410"}],"collection":[{"href":"https:\/\/dgospel.com.br\/portal\/index.php\/wp-json\/wp\/v2\/posts"}],"about":[{"href":"https:\/\/dgospel.com.br\/portal\/index.php\/wp-json\/wp\/v2\/types\/post"}],"author":[{"embeddable":true,"href":"https:\/\/dgospel.com.br\/portal\/index.php\/wp-json\/wp\/v2\/users\/2"}],"replies":[{"embeddable":true,"href":"https:\/\/dgospel.com.br\/portal\/index.php\/wp-json\/wp\/v2\/comments?post=14410"}],"version-history":[{"count":1,"href":"https:\/\/dgospel.com.br\/portal\/index.php\/wp-json\/wp\/v2\/posts\/14410\/revisions"}],"predecessor-version":[{"id":14412,"href":"https:\/\/dgospel.com.br\/portal\/index.php\/wp-json\/wp\/v2\/posts\/14410\/revisions\/14412"}],"wp:featuredmedia":[{"embeddable":true,"href":"https:\/\/dgospel.com.br\/portal\/index.php\/wp-json\/wp\/v2\/media\/14411"}],"wp:attachment":[{"href":"https:\/\/dgospel.com.br\/portal\/index.php\/wp-json\/wp\/v2\/media?parent=14410"}],"wp:term":[{"taxonomy":"category","embeddable":true,"href":"https:\/\/dgospel.com.br\/portal\/index.php\/wp-json\/wp\/v2\/categories?post=14410"},{"taxonomy":"post_tag","embeddable":true,"href":"https:\/\/dgospel.com.br\/portal\/index.php\/wp-json\/wp\/v2\/tags?post=14410"}],"curies":[{"name":"wp","href":"https:\/\/api.w.org\/{rel}","templated":true}]}}