{"id":14416,"date":"2023-01-24T15:31:32","date_gmt":"2023-01-24T18:31:32","guid":{"rendered":"http:\/\/dgospel.com.br\/portal\/?p=14416"},"modified":"2023-01-24T15:31:33","modified_gmt":"2023-01-24T18:31:33","slug":"colombia-mandou-matar-dom-e-bruno-conclui-policia-federal","status":"publish","type":"post","link":"https:\/\/dgospel.com.br\/portal\/index.php\/2023\/01\/24\/colombia-mandou-matar-dom-e-bruno-conclui-policia-federal\/","title":{"rendered":"\u201cCol\u00f4mbia\u201d mandou matar Dom e Bruno, conclui Pol\u00edcia Federal"},"content":{"rendered":"\n<p>Para a Pol\u00edcia Federal n\u00e3o h\u00e1 d\u00favidas de que as mortes do indigenista brasileiro Bruno Pereira e do jornalista brit\u00e2nico Dom Phillips foram encomendadas por Rubens Villar Coelho, mais conhecido como Col\u00f4mbia.<\/p>\n\n\n\n<p>O crime ocorrido em junho de 2022 no Vale do Javari, no Amazonas, est\u00e1 praticamente solucionado. A PF conseguiu provas de que o suspeito estava envolvido no crime.<\/p>\n\n\n\n<p>\u2013 N\u00e3o tenho d\u00favida que o mandante foi o Col\u00f4mbia. Temos provas que ele fornecia as muni\u00e7\u00f5es para o Jefferson e o Amarildo, as mesmas encontradas no caso. Ele pagou o advogado inicial de defesa do Amarildo \u2013 declarou o superintendente da Pol\u00edcia Federal do Amazonas, Alexandre Fontes.<\/p>\n\n\n\n<p>Em coletiva de imprensa, o policial declarou ainda que um novo nome foi indiciado por participa\u00e7\u00e3o no caso.<\/p>\n\n\n\n<p>\u2013 Foi encaminhado um relat\u00f3rio \u00e0 Justi\u00e7a federal com mais seis indiciamentos. T\u00ednhamos anteriormente tr\u00eas nomes. Identificamos o irm\u00e3o do Amarildo, ele forneceu a arma de fogo para o Amarildo. Ele vai responder por part\u00edcipe do homic\u00eddio.<\/p>\n\n\n\n<p>Col\u00f4mbia foi preso em flagrante em julho do ano passado por uso de documentos falsos quando foi ouvido pela pol\u00edcia sobre o crime. Ap\u00f3s pagar fian\u00e7a de R$ 15 mil, o homem foi solto, cumprindo pris\u00e3o domiciliar. Mas por n\u00e3o respeitar a condi\u00e7\u00e3o, foi preso novamente.<\/p>\n\n\n\n<p>Tamb\u00e9m s\u00e3o investigados Amarildo da Costa, Oseney da Costa e Jefferson da Silva Lima.<\/p>\n","protected":false},"excerpt":{"rendered":"<p>Para a Pol\u00edcia Federal n\u00e3o h\u00e1 d\u00favidas de que as mortes do indigenista brasileiro Bruno Pereira e do jornalista brit\u00e2nico Dom Phillips foram encomendadas por Rubens Villar Coelho, mais conhecido como Col\u00f4mbia. O crime ocorrido em junho de 2022 no Vale do Javari, no Amazonas, est\u00e1 praticamente solucionado. A PF conseguiu provas de que o [&hellip;]<\/p>\n","protected":false},"author":2,"featured_media":14417,"comment_status":"open","ping_status":"open","sticky":false,"template":"","format":"standard","meta":[],"categories":[16],"tags":[],"_links":{"self":[{"href":"https:\/\/dgospel.com.br\/portal\/index.php\/wp-json\/wp\/v2\/posts\/14416"}],"collection":[{"href":"https:\/\/dgospel.com.br\/portal\/index.php\/wp-json\/wp\/v2\/posts"}],"about":[{"href":"https:\/\/dgospel.com.br\/portal\/index.php\/wp-json\/wp\/v2\/types\/post"}],"author":[{"embeddable":true,"href":"https:\/\/dgospel.com.br\/portal\/index.php\/wp-json\/wp\/v2\/users\/2"}],"replies":[{"embeddable":true,"href":"https:\/\/dgospel.com.br\/portal\/index.php\/wp-json\/wp\/v2\/comments?post=14416"}],"version-history":[{"count":1,"href":"https:\/\/dgospel.com.br\/portal\/index.php\/wp-json\/wp\/v2\/posts\/14416\/revisions"}],"predecessor-version":[{"id":14418,"href":"https:\/\/dgospel.com.br\/portal\/index.php\/wp-json\/wp\/v2\/posts\/14416\/revisions\/14418"}],"wp:featuredmedia":[{"embeddable":true,"href":"https:\/\/dgospel.com.br\/portal\/index.php\/wp-json\/wp\/v2\/media\/14417"}],"wp:attachment":[{"href":"https:\/\/dgospel.com.br\/portal\/index.php\/wp-json\/wp\/v2\/media?parent=14416"}],"wp:term":[{"taxonomy":"category","embeddable":true,"href":"https:\/\/dgospel.com.br\/portal\/index.php\/wp-json\/wp\/v2\/categories?post=14416"},{"taxonomy":"post_tag","embeddable":true,"href":"https:\/\/dgospel.com.br\/portal\/index.php\/wp-json\/wp\/v2\/tags?post=14416"}],"curies":[{"name":"wp","href":"https:\/\/api.w.org\/{rel}","templated":true}]}}