{"id":14419,"date":"2023-01-24T15:36:11","date_gmt":"2023-01-24T18:36:11","guid":{"rendered":"http:\/\/dgospel.com.br\/portal\/?p=14419"},"modified":"2023-01-24T15:36:12","modified_gmt":"2023-01-24T18:36:12","slug":"ditadura-governo-quer-remover-postagem-sem-que-haja-ordem-judicial","status":"publish","type":"post","link":"https:\/\/dgospel.com.br\/portal\/index.php\/2023\/01\/24\/ditadura-governo-quer-remover-postagem-sem-que-haja-ordem-judicial\/","title":{"rendered":"Ditadura: Governo quer remover postagem sem que haja ordem judicial"},"content":{"rendered":"\n<p>No pacote de a\u00e7\u00f5es que o governo Lula (PT) quer aprovar como resposta \u00e0s manifesta\u00e7\u00f5es radicais em 8 de janeiro, no Distrito Federal, est\u00e1 a retirada de conte\u00fados classificados como ilegais das redes sociais, antes mesmo de qualquer interven\u00e7\u00e3o judicial.<\/p>\n\n\n\n<p>O denominado \u201cPacote da Democracia\u201d cont\u00e9m dois projetos de lei e uma Emenda Constitucional. O textos das propostas est\u00e1 sendo editado pelo secret\u00e1rio de Assuntos Legislativos do Minist\u00e9rio da Justi\u00e7a, Elias Vaz. O texto definitivo ser\u00e1 apresentado nesta semana pelo ministro da Justi\u00e7a, Fl\u00e1vio Dino.<\/p>\n\n\n\n<p>A estrat\u00e9gia do governo federal \u00e9 responsabilizar criminalmente indiv\u00edduos que promovam a viol\u00eancia contra as institui\u00e7\u00f5es na internet, penalizando as plataformas que n\u00e3o acatarem a decis\u00e3o de remo\u00e7\u00e3o do conte\u00fado impr\u00f3prio. Com a medida, o atual governo centraliza em suas m\u00e3os o crivo da autoriza\u00e7\u00e3o daquilo que ele considera pr\u00f3prio ou impr\u00f3prio, e determina sua remo\u00e7\u00e3o sem que haja, necessariamente, decis\u00e3o judicial para tal.<\/p>\n\n\n\n<p>Ainda, o combo pela democracia prev\u00ea federalizar policiais do Distrito Federal e endurecer penas de crimes contra a harmonia democr\u00e1tica.<\/p>\n","protected":false},"excerpt":{"rendered":"<p>No pacote de a\u00e7\u00f5es que o governo Lula (PT) quer aprovar como resposta \u00e0s manifesta\u00e7\u00f5es radicais em 8 de janeiro, no Distrito Federal, est\u00e1 a retirada de conte\u00fados classificados como ilegais das redes sociais, antes mesmo de qualquer interven\u00e7\u00e3o judicial. O denominado \u201cPacote da Democracia\u201d cont\u00e9m dois projetos de lei e uma Emenda Constitucional. O [&hellip;]<\/p>\n","protected":false},"author":2,"featured_media":14420,"comment_status":"open","ping_status":"open","sticky":false,"template":"","format":"standard","meta":[],"categories":[4],"tags":[],"_links":{"self":[{"href":"https:\/\/dgospel.com.br\/portal\/index.php\/wp-json\/wp\/v2\/posts\/14419"}],"collection":[{"href":"https:\/\/dgospel.com.br\/portal\/index.php\/wp-json\/wp\/v2\/posts"}],"about":[{"href":"https:\/\/dgospel.com.br\/portal\/index.php\/wp-json\/wp\/v2\/types\/post"}],"author":[{"embeddable":true,"href":"https:\/\/dgospel.com.br\/portal\/index.php\/wp-json\/wp\/v2\/users\/2"}],"replies":[{"embeddable":true,"href":"https:\/\/dgospel.com.br\/portal\/index.php\/wp-json\/wp\/v2\/comments?post=14419"}],"version-history":[{"count":1,"href":"https:\/\/dgospel.com.br\/portal\/index.php\/wp-json\/wp\/v2\/posts\/14419\/revisions"}],"predecessor-version":[{"id":14421,"href":"https:\/\/dgospel.com.br\/portal\/index.php\/wp-json\/wp\/v2\/posts\/14419\/revisions\/14421"}],"wp:featuredmedia":[{"embeddable":true,"href":"https:\/\/dgospel.com.br\/portal\/index.php\/wp-json\/wp\/v2\/media\/14420"}],"wp:attachment":[{"href":"https:\/\/dgospel.com.br\/portal\/index.php\/wp-json\/wp\/v2\/media?parent=14419"}],"wp:term":[{"taxonomy":"category","embeddable":true,"href":"https:\/\/dgospel.com.br\/portal\/index.php\/wp-json\/wp\/v2\/categories?post=14419"},{"taxonomy":"post_tag","embeddable":true,"href":"https:\/\/dgospel.com.br\/portal\/index.php\/wp-json\/wp\/v2\/tags?post=14419"}],"curies":[{"name":"wp","href":"https:\/\/api.w.org\/{rel}","templated":true}]}}