{"id":14425,"date":"2023-01-24T15:41:46","date_gmt":"2023-01-24T18:41:46","guid":{"rendered":"http:\/\/dgospel.com.br\/portal\/?p=14425"},"modified":"2023-01-24T15:41:47","modified_gmt":"2023-01-24T18:41:47","slug":"primeira-previa-da-inflacao-com-lula-ja-sobe-055-em-janeiro","status":"publish","type":"post","link":"https:\/\/dgospel.com.br\/portal\/index.php\/2023\/01\/24\/primeira-previa-da-inflacao-com-lula-ja-sobe-055-em-janeiro\/","title":{"rendered":"Primeira pr\u00e9via da infla\u00e7\u00e3o com Lula j\u00e1 sobe 0,55% em janeiro"},"content":{"rendered":"\n<p>O&nbsp;\u00cdndice de Pre\u00e7os ao Consumidor Amplo (IPCA-15), considerado pr\u00e9via da infla\u00e7\u00e3o, come\u00e7ou o ano de 2023 em alta. O indicador&nbsp;subiu 0,55% na passagem de dezembro para janeiro, segundo dados do IBGE divulgados nesta ter\u00e7a-feira (dia 24).<\/p>\n\n\n\n<ul><li>As principais press\u00f5es vieram da alta dos grupos de Sa\u00fade e cuidados pessoais e Alimenta\u00e7\u00e3o e bebidas. Os pre\u00e7os subiram 1,1% e 0,55%, respectivamente.<\/li><li>Com o resultado, o \u00edndice de pr\u00e9via da infla\u00e7\u00e3o acumula alta de 5,87% em 12 meses. O resultado veio ligeiramente acima do esperado. Analistas projetavam alta de 0,52% do indicador no m\u00eas.<\/li><\/ul>\n\n\n\n<h2>Alimentos e itens de higiene pessoal mais caros<\/h2>\n\n\n\n<p>A pesquisa aponta o quanto a alta dos pre\u00e7os vem impactando o or\u00e7amento do consumidor. Os itens de higiene pessoal, por exemplo, t\u00eam pesado mais. Em janeiro,\u00a0produtos ligados \u00e0 sa\u00fade e cuidados pessoais subiram o dobro da infla\u00e7\u00e3o\u00a0(1,1%). Ficaram mais caros os perfumes e os produtos para pele, com altas de quase 5% no m\u00eas. Os planos de sa\u00fade tamb\u00e9m pressionam: subiram 1,21%, refletindo a incorpora\u00e7\u00e3o da fra\u00e7\u00e3o mensal dos reajustes dos planos de sa\u00fade novos e antigos.<\/p>\n\n\n\n<p>Alguns alimentos tamb\u00e9m ficaram mais caros em janeiro, e acabam pesando mais no carrinho das fam\u00edlias. A batata-inglesa subiu 16%, seguida do tomate (5,96%), do arroz (3,36%) e das frutas (1,74%). Por outro lado, o pre\u00e7o da cebola caiu 15,21% e do leite longa vida 2%.<\/p>\n\n\n\n<p>Apesar da maior press\u00e3o observada em alimentos e itens de higiene pessoal, todos os nove grupos de produtos e servi\u00e7os pesquisados pelo IPCA-15 tiveram alta em janeiro.<\/p>\n\n\n\n<h2>Veja abaixo a varia\u00e7\u00e3o dos grupos em janeiro:<\/h2>\n\n\n\n<ul><li>Alimenta\u00e7\u00e3o e bebidas: 0,55%<\/li><li>Habita\u00e7\u00e3o: 0,17%<\/li><li>Artigos de resid\u00eancia: 0,38%<\/li><li>Vestu\u00e1rio: 0,42%<\/li><li>Transportes: 0,17%<\/li><li>Sa\u00fade e cuidados pessoais: 1,10%<\/li><li>Despesas pessoais: 0,57%<\/li><li>Educa\u00e7\u00e3o: 0,36%<\/li><li>Comunica\u00e7\u00e3o: 2,36%<\/li><\/ul>\n\n\n\n<p>O grupo Comunica\u00e7\u00e3o registrou alta de 2,36% em fun\u00e7\u00e3o dos aumentos praticados pelas empresas do setor telecomunica\u00e7\u00f5es. O combo de telefonia subiu 3% e foi o que mais impactou no m\u00eas. Mas tamb\u00e9m tiveram altas os pre\u00e7os de acesso \u00e0 internet, aparelho telef\u00f4nico e tv por assinatura \u2013 o \u00faltimo, com alta de quase 12%.<\/p>\n\n\n\n<p>No grupo Transportes, os pre\u00e7os desaceleraram de 0,85% para 0,17% em rela\u00e7\u00e3o \u00e0 dezembro por conta da queda nos pre\u00e7os dos combust\u00edveis. \u00c0 exce\u00e7\u00e3o da alta no etanol, recuaram os pre\u00e7os do \u00f3leo diesel, da gasolina e do g\u00e1s veicular. Por outro lado, o custo do emplacamento e licen\u00e7a subiu 1,61% \u2013 j\u00e1 incorporando a fra\u00e7\u00e3o mensal referente ao IPVA de 2023.<\/p>\n\n\n\n<p>J\u00e1 em Habita\u00e7\u00e3o, a alta foi de 0,17% em janeiro. Houve queda nos pre\u00e7os do g\u00e1s de botij\u00e3o e energia el\u00e9trica residencial diante da redu\u00e7\u00e3o nas tarifas residenciais em uma das concession\u00e1rias pesquisadas. Por outro lado, em regi\u00f5es como Salvador, onde o ICMS retornou ao patamar de 27% a partir de 1\u00ba de janeiro, o custo com energia subiu quase 4%. Tamb\u00e9m pesou na alta do grupo o reajuste do servi\u00e7o de ilumina\u00e7\u00e3o p\u00fablica nas capitais S\u00e3o Paulo e Curitiba.<\/p>\n","protected":false},"excerpt":{"rendered":"<p>O&nbsp;\u00cdndice de Pre\u00e7os ao Consumidor Amplo (IPCA-15), considerado pr\u00e9via da infla\u00e7\u00e3o, come\u00e7ou o ano de 2023 em alta. O indicador&nbsp;subiu 0,55% na passagem de dezembro para janeiro, segundo dados do IBGE divulgados nesta ter\u00e7a-feira (dia 24). As principais press\u00f5es vieram da alta dos grupos de Sa\u00fade e cuidados pessoais e Alimenta\u00e7\u00e3o e bebidas. Os pre\u00e7os [&hellip;]<\/p>\n","protected":false},"author":2,"featured_media":14426,"comment_status":"open","ping_status":"open","sticky":false,"template":"","format":"standard","meta":[],"categories":[4],"tags":[13],"_links":{"self":[{"href":"https:\/\/dgospel.com.br\/portal\/index.php\/wp-json\/wp\/v2\/posts\/14425"}],"collection":[{"href":"https:\/\/dgospel.com.br\/portal\/index.php\/wp-json\/wp\/v2\/posts"}],"about":[{"href":"https:\/\/dgospel.com.br\/portal\/index.php\/wp-json\/wp\/v2\/types\/post"}],"author":[{"embeddable":true,"href":"https:\/\/dgospel.com.br\/portal\/index.php\/wp-json\/wp\/v2\/users\/2"}],"replies":[{"embeddable":true,"href":"https:\/\/dgospel.com.br\/portal\/index.php\/wp-json\/wp\/v2\/comments?post=14425"}],"version-history":[{"count":1,"href":"https:\/\/dgospel.com.br\/portal\/index.php\/wp-json\/wp\/v2\/posts\/14425\/revisions"}],"predecessor-version":[{"id":14427,"href":"https:\/\/dgospel.com.br\/portal\/index.php\/wp-json\/wp\/v2\/posts\/14425\/revisions\/14427"}],"wp:featuredmedia":[{"embeddable":true,"href":"https:\/\/dgospel.com.br\/portal\/index.php\/wp-json\/wp\/v2\/media\/14426"}],"wp:attachment":[{"href":"https:\/\/dgospel.com.br\/portal\/index.php\/wp-json\/wp\/v2\/media?parent=14425"}],"wp:term":[{"taxonomy":"category","embeddable":true,"href":"https:\/\/dgospel.com.br\/portal\/index.php\/wp-json\/wp\/v2\/categories?post=14425"},{"taxonomy":"post_tag","embeddable":true,"href":"https:\/\/dgospel.com.br\/portal\/index.php\/wp-json\/wp\/v2\/tags?post=14425"}],"curies":[{"name":"wp","href":"https:\/\/api.w.org\/{rel}","templated":true}]}}