{"id":1443,"date":"2018-09-26T15:47:13","date_gmt":"2018-09-26T18:47:13","guid":{"rendered":"http:\/\/dgospel.com.br\/portal\/?p=1443"},"modified":"2018-09-26T15:47:13","modified_gmt":"2018-09-26T18:47:13","slug":"justica-concede-direito-de-resposta-a-amastha-contra-sargento-aragao","status":"publish","type":"post","link":"https:\/\/dgospel.com.br\/portal\/index.php\/2018\/09\/26\/justica-concede-direito-de-resposta-a-amastha-contra-sargento-aragao\/","title":{"rendered":"Justi\u00e7a concede direito de resposta a Amastha contra Sargento Arag\u00e3o"},"content":{"rendered":"<p>A Justi\u00e7a Eleitoral concedeu \u201cdireito de resposta\u201d em inser\u00e7\u00e3o de r\u00e1dio ao candidato a governador Carlos Amastha (PSB) contra uma das coliga\u00e7\u00f5es proporcionais do advers\u00e1rio Mauro Carlesse (PHS). Amastha, mais uma vez, foi ofendido pelo candidato a deputado estadual Sargento Arag\u00e3o (Patriotas). Os ataques de Arag\u00e3o foram os mesmos deferidos na TV, que tamb\u00e9m provocaram\u00a0\u00a0\u201cdireito de resposta\u201d.<\/p>\n<p>A decis\u00e3o da Justi\u00e7a Eleitoral \u00e9 de Anti\u00f3genes Ferreira de Souza, juiz auxiliar do TRE-TO (Tribunal Regional Eleitoral). O magistrado foi claro ao destacar que, mais uma vez, Arag\u00e3o partiu para a opini\u00e3o ofensiva, n\u00e3o amparada em provas. \u201cNo caso da propaganda questionada, n\u00e3o houve men\u00e7\u00e3o aos fatos das mat\u00e9rias jornal\u00edsticas trazida na resposta desta representa\u00e7\u00e3o. Houve, na verdade, emiss\u00e3o de opini\u00e3o ofensiva, que \u00e9 vedado pelo artigo 58 supracitado, nos programas eleitorais gratuitos\u201d, ressalta o magistrado na decis\u00e3o, expedida no in\u00edcio da noite de segunda-feira, 24 de setembro. Confira anexa a decis\u00e3o na \u00edntegra.<\/p>\n<p>&nbsp;<\/p>\n<ul>\n<li><\/li>\n<\/ul>\n<p><a href=\"https:\/\/dl-mail.ymail.com\/ws\/download\/mailboxes\/@.id==VjN-YmnKKu0aMEuSRL8SkeUvaY4U2HLfdh5DVBCkwdAnDKoqE1Cnqcx1k_pbri_McleShHEN9JYvQk17DZ3Hgx7CQQ\/messages\/@.id==ADzs8IYKgjTbW6umcAuU2MlthA8\/content\/parts\/@.id==2\/raw?appid=YMailNorrin&amp;ymreqid=86dcd1b9-1d19-0e92-1cee-c50000011500&amp;token=zitEzqOML3j84e6ealFTT5U7-km5qEQF52lp7AcCuBZ5t9ZStl1vuu85QgxwDRmV-LBGlZPDBKIXnVfbkHkGSrg3isFX3UYelH1JgvxzRkIaVo2iytam4EeY4Pp4xKii\"><\/p>\n<p><\/a><\/p>\n<p>&nbsp;<\/p>\n","protected":false},"excerpt":{"rendered":"<p>A Justi\u00e7a Eleitoral concedeu \u201cdireito de resposta\u201d em inser\u00e7\u00e3o de r\u00e1dio ao candidato a governador Carlos Amastha (PSB) contra uma das coliga\u00e7\u00f5es proporcionais do advers\u00e1rio Mauro Carlesse (PHS). Amastha, mais uma vez, foi ofendido pelo candidato a deputado estadual Sargento Arag\u00e3o (Patriotas). Os ataques de Arag\u00e3o foram os mesmos deferidos na TV, que tamb\u00e9m provocaram\u00a0\u00a0\u201cdireito [&hellip;]<\/p>\n","protected":false},"author":2,"featured_media":1370,"comment_status":"open","ping_status":"open","sticky":false,"template":"","format":"standard","meta":[],"categories":[2,4],"tags":[],"_links":{"self":[{"href":"https:\/\/dgospel.com.br\/portal\/index.php\/wp-json\/wp\/v2\/posts\/1443"}],"collection":[{"href":"https:\/\/dgospel.com.br\/portal\/index.php\/wp-json\/wp\/v2\/posts"}],"about":[{"href":"https:\/\/dgospel.com.br\/portal\/index.php\/wp-json\/wp\/v2\/types\/post"}],"author":[{"embeddable":true,"href":"https:\/\/dgospel.com.br\/portal\/index.php\/wp-json\/wp\/v2\/users\/2"}],"replies":[{"embeddable":true,"href":"https:\/\/dgospel.com.br\/portal\/index.php\/wp-json\/wp\/v2\/comments?post=1443"}],"version-history":[{"count":1,"href":"https:\/\/dgospel.com.br\/portal\/index.php\/wp-json\/wp\/v2\/posts\/1443\/revisions"}],"predecessor-version":[{"id":1444,"href":"https:\/\/dgospel.com.br\/portal\/index.php\/wp-json\/wp\/v2\/posts\/1443\/revisions\/1444"}],"wp:featuredmedia":[{"embeddable":true,"href":"https:\/\/dgospel.com.br\/portal\/index.php\/wp-json\/wp\/v2\/media\/1370"}],"wp:attachment":[{"href":"https:\/\/dgospel.com.br\/portal\/index.php\/wp-json\/wp\/v2\/media?parent=1443"}],"wp:term":[{"taxonomy":"category","embeddable":true,"href":"https:\/\/dgospel.com.br\/portal\/index.php\/wp-json\/wp\/v2\/categories?post=1443"},{"taxonomy":"post_tag","embeddable":true,"href":"https:\/\/dgospel.com.br\/portal\/index.php\/wp-json\/wp\/v2\/tags?post=1443"}],"curies":[{"name":"wp","href":"https:\/\/api.w.org\/{rel}","templated":true}]}}