{"id":14431,"date":"2023-01-24T16:21:45","date_gmt":"2023-01-24T19:21:45","guid":{"rendered":"http:\/\/dgospel.com.br\/portal\/?p=14431"},"modified":"2023-01-24T16:21:46","modified_gmt":"2023-01-24T19:21:46","slug":"alto-comando-convoca-reuniao-dossies-contra-novo-comandante-ja-circulam","status":"publish","type":"post","link":"https:\/\/dgospel.com.br\/portal\/index.php\/2023\/01\/24\/alto-comando-convoca-reuniao-dossies-contra-novo-comandante-ja-circulam\/","title":{"rendered":"Alto Comando convoca reuni\u00e3o; \u201cdossi\u00eas\u201d contra novo comandante j\u00e1 circulam"},"content":{"rendered":"\n<p>A crise entre o Ex\u00e9rcito e o governo Lula n\u00e3o deve acabar t\u00e3o cedo.<\/p>\n\n\n\n<p>H\u00e1 pelo menos dois motivos que apontam para o seu prosseguimento.<\/p>\n\n\n\n<p>O primeiro \u00e9 que a suspens\u00e3o da nomea\u00e7\u00e3o do tenente-coronel Mauro Cid para chefiar o 1\u00ba Batalh\u00e3o de A\u00e7\u00f5es e Comandos em Goi\u00e2nia\u2014 pedida pelo presidente Lula e rejeitada pelo agora ex-comandante do Ex\u00e9rcito, J\u00falio C\u00e9sar de Arruda\u2014 n\u00e3o \u00e9 o \u00fanico ponto de atrito entre o governo e a For\u00e7a em termos de gest\u00e3o de pessoal.<\/p>\n\n\n\n<p>Dois outros nomes, cujas atua\u00e7\u00f5es nos epis\u00f3dios de 8 de janeiro est\u00e3o sob an\u00e1lise, tendem a causar fric\u00e7\u00f5es de igual ou maior intensidade nessa rela\u00e7\u00e3o \u201cfraturada\u201d, como descreveu ontem o ministro da Defesa, Jos\u00e9 M\u00facio: o do comandante do Batalh\u00e3o de Guarda Presidencial (BGP), tenente-coronel Paulo Jorge Fernandes da Hora, e o do general Gustavo Henrique Dutra de Menezes, chefe do Comando Militar do Planalto, um dos oito comandos militares de \u00e1rea do Brasil.<\/p>\n\n\n\n<p>O segundo motivo que tende a alimentar a crise \u00e9 a forma como o nome do general Tom\u00e1s Miguel Min\u00e9 Ribeiro Paiva, que substituiu Arruda no comando do Ex\u00e9rcito, foi recebida na For\u00e7a, em especial entre tenentes e capit\u00e3es.<\/p>\n\n\n\n<p>Desde quando seu nome foi anunciado, passaram a circular nos grupos de WhatsApp de oficiais textos ap\u00f3crifos citando supostas interfer\u00eancias do militar com vistas a favorecer a carreira de parentes no Ex\u00e9rcito. Recortes do discurso feito pelo general na quarta-feira em que ele, diante da tropa formada, defendeu o reconhecimento do resultado das urnas, tamb\u00e9m foram alvo de cr\u00edtica da parte de oficiais bolsonaristas.<\/p>\n\n\n\n<p>A escolha do general Tom\u00e1s n\u00e3o seguiu o crit\u00e9rio de antiguidade que havia feito com que, no m\u00eas passado, Lula apontasse para o posto o general Arruda.<\/p>\n\n\n\n<p>Por essa r\u00e9gua, ignorada tamb\u00e9m pelo ex-presidente Jair Bolsonaro, o nome do novo comandante do Ex\u00e9rcito deveria ser o do general Val\u00e9rio Stumpf. Como chefe do Estado Maior do Ex\u00e9rcito, Stumpf n\u00e3o tem o comando direto de tropas. J\u00e1 Tom\u00e1s era chefe do Comando Militar do Sudeste.<\/p>\n\n\n\n<p>Dos dois militares que podem se transformar em novos piv\u00f4s da crise entre o Ex\u00e9rcito e o governo, o primeiro, tenente-coronel Fernandes, chefia o batalh\u00e3o respons\u00e1vel pela seguran\u00e7a do Pal\u00e1cio do Planalto, invadido e depredado no dia 8.<\/p>\n\n\n\n<p>O segundo, o general Dutra, como chefe do Comando Militar do Planalto, \u00e9 o respons\u00e1vel oficial pelo envio dos tanques blindados Guarani que impediram o Batalh\u00e3o de Choque da Pol\u00edcia Militar do Distrito Federal de esvaziar o acampamento de bolsonaristas em Bras\u00edlia na noite da invas\u00e3o \u00e0s sedes dos Tr\u00eas Poderes.<\/p>\n\n\n\n<p>O epis\u00f3dio do bloqueio dos tanques, presenciado pelo ministro da Justi\u00e7a Fl\u00e1vio Dino na noite daquele domingo, foi um dos que mais irritou o presidente Lula, entre as a\u00e7\u00f5es e ina\u00e7\u00f5es do Ex\u00e9rcito nos epis\u00f3dios de 8 de janeiro.<\/p>\n\n\n\n<p>A press\u00e3o do governo pela responsabiliza\u00e7\u00e3o dos dois militares e a resist\u00eancia do Ex\u00e9rcito em puni-los dever\u00e1 ser a pr\u00f3xima tarefa espinhosa a ser abra\u00e7ada pelo ministro M\u00facio, que vem fazendo o papel de algod\u00e3o entre cristais na crise entre o governo e a For\u00e7a.<\/p>\n\n\n\n<p>No final da tarde da \u00faltima sexta-feira, o ministro recebeu uma liga\u00e7\u00e3o do presidente Lula cobrando dele uma atitude diante da informa\u00e7\u00e3o de que o tenente-coronel Cid, ex-principal ajudante de ordens do ex-principal ajudante de ordens de Jair Bolsonaro, iria comandar uma tropa de pronto emprego num batalh\u00e3o a 200 quil\u00f4metros de Bras\u00edlia.<\/p>\n\n\n\n<p>A resist\u00eancia do general Arruda em suspender a designa\u00e7\u00e3o do coronel foi a gota d&#8217;\u00e1gua para a sua destitui\u00e7\u00e3o do comando do Ex\u00e9rcito.<\/p>\n\n\n\n<p>Lula soube da nomea\u00e7\u00e3o do ex-homem de confian\u00e7a de Bolsonaro por meio de reportagem do site Metr\u00f3poles divulgada na sexta de manh\u00e3.<\/p>\n\n\n\n<p>O batalh\u00e3o que o tenente-coronel Cid comandaria \u00e9 uma das pontas de lan\u00e7a do Comando de Opera\u00e7\u00f5es Especiais, brigada de elite do Ex\u00e9rcito treinada para opera\u00e7\u00f5es sens\u00edveis e emergenciais.<\/p>\n\n\n\n<p>Os convites para a posse do coronel no comando do batalh\u00e3o, marcada para o dia 9 de fevereiro, j\u00e1 haviam sido distribu\u00eddos. Agora, caber\u00e1 ao general Tom\u00e1s, como novo comandante do Ex\u00e9rcito, arcar com a revoga\u00e7\u00e3o da sua designa\u00e7\u00e3o. Tom\u00e1s \u00e9 amigo de longa data do pai de Cid, o general Mauro Cesar Lourena Cid.<\/p>\n\n\n\n<p>Amanh\u00e3, o Alto Comando do Ex\u00e9rcito, colegiado formado por 16 generais quatro estrelas, ir\u00e1 se reunir pela primeira vez sob a gest\u00e3o do novo comandante. A reuni\u00e3o ocorrer\u00e1 de forma presencial e \u00e9 fruto de convoca\u00e7\u00e3o extraordin\u00e1ria \u2014 como \u00e9 extraordin\u00e1ria a situa\u00e7\u00e3o em que se encontra a For\u00e7a.<\/p>\n\n\n\n<p>Fonte: noticias.uol<\/p>\n\n\n\n<p><\/p>\n","protected":false},"excerpt":{"rendered":"<p>A crise entre o Ex\u00e9rcito e o governo Lula n\u00e3o deve acabar t\u00e3o cedo. H\u00e1 pelo menos dois motivos que apontam para o seu prosseguimento. O primeiro \u00e9 que a suspens\u00e3o da nomea\u00e7\u00e3o do tenente-coronel Mauro Cid para chefiar o 1\u00ba Batalh\u00e3o de A\u00e7\u00f5es e Comandos em Goi\u00e2nia\u2014 pedida pelo presidente Lula e rejeitada pelo [&hellip;]<\/p>\n","protected":false},"author":2,"featured_media":14432,"comment_status":"open","ping_status":"open","sticky":false,"template":"","format":"standard","meta":[],"categories":[10],"tags":[],"_links":{"self":[{"href":"https:\/\/dgospel.com.br\/portal\/index.php\/wp-json\/wp\/v2\/posts\/14431"}],"collection":[{"href":"https:\/\/dgospel.com.br\/portal\/index.php\/wp-json\/wp\/v2\/posts"}],"about":[{"href":"https:\/\/dgospel.com.br\/portal\/index.php\/wp-json\/wp\/v2\/types\/post"}],"author":[{"embeddable":true,"href":"https:\/\/dgospel.com.br\/portal\/index.php\/wp-json\/wp\/v2\/users\/2"}],"replies":[{"embeddable":true,"href":"https:\/\/dgospel.com.br\/portal\/index.php\/wp-json\/wp\/v2\/comments?post=14431"}],"version-history":[{"count":1,"href":"https:\/\/dgospel.com.br\/portal\/index.php\/wp-json\/wp\/v2\/posts\/14431\/revisions"}],"predecessor-version":[{"id":14433,"href":"https:\/\/dgospel.com.br\/portal\/index.php\/wp-json\/wp\/v2\/posts\/14431\/revisions\/14433"}],"wp:featuredmedia":[{"embeddable":true,"href":"https:\/\/dgospel.com.br\/portal\/index.php\/wp-json\/wp\/v2\/media\/14432"}],"wp:attachment":[{"href":"https:\/\/dgospel.com.br\/portal\/index.php\/wp-json\/wp\/v2\/media?parent=14431"}],"wp:term":[{"taxonomy":"category","embeddable":true,"href":"https:\/\/dgospel.com.br\/portal\/index.php\/wp-json\/wp\/v2\/categories?post=14431"},{"taxonomy":"post_tag","embeddable":true,"href":"https:\/\/dgospel.com.br\/portal\/index.php\/wp-json\/wp\/v2\/tags?post=14431"}],"curies":[{"name":"wp","href":"https:\/\/api.w.org\/{rel}","templated":true}]}}