{"id":14434,"date":"2023-01-24T16:27:31","date_gmt":"2023-01-24T19:27:31","guid":{"rendered":"http:\/\/dgospel.com.br\/portal\/?p=14434"},"modified":"2023-01-24T16:27:32","modified_gmt":"2023-01-24T19:27:32","slug":"governador-wanderlei-barbosa-autoriza-realizacao-da-23a-edicao-da-agrotins","status":"publish","type":"post","link":"https:\/\/dgospel.com.br\/portal\/index.php\/2023\/01\/24\/governador-wanderlei-barbosa-autoriza-realizacao-da-23a-edicao-da-agrotins\/","title":{"rendered":"Governador Wanderlei Barbosa autoriza realiza\u00e7\u00e3o da 23\u00aa edi\u00e7\u00e3o da Agrotins"},"content":{"rendered":"\n<p>Com o tema&nbsp;<em>Compliance no Agro<\/em>, o governador do Estado do Tocantins, Wanderlei Barbosa, autorizou na tarde desta segunda-feira, 23, a realiza\u00e7\u00e3o da 23\u00aa edi\u00e7\u00e3o da Feira de Tecnologia Agropecu\u00e1ria do Tocantins (Agrotins 2023), de 16 a 20 de maio, no Parque Agrotecnol\u00f3gico Engenheiro Agr\u00f4nomo Mauro Medanha. A Agrotins \u00e9 considerada a maior feira tecnol\u00f3gica do g\u00eanero da regi\u00e3o Norte do Brasil.<\/p>\n\n\n\n<p>O governador Wanderlei Barbosa afirmou que a Agrotins \u00e9 uma refer\u00eancia para o setor produtivo do agroneg\u00f3cio do Tocantins e do Brasil, e que o tema deste ano est\u00e1 alinhado com valores defendidos por sua gest\u00e3o: legalidade e obedi\u00eancia \u00e0s normas e procedimentos. \u201cO nosso Estado tem a economia alicer\u00e7ada no agroneg\u00f3cio, portanto&nbsp;<em>Compliance no Agro<\/em>&nbsp;vem ao encontro do que queremos, que \u00e9 o desenvolvimento com obedi\u00eancia \u00e0s regras dos \u00f3rg\u00e3os reguladores da produ\u00e7\u00e3o no setor. Agora que alcan\u00e7amos o status de zona livre de aftosa sem vacina\u00e7\u00e3o, com isso, garantimos a manuten\u00e7\u00e3o dos mercados que temos, afinal estamos habilitados a vender para mais de 100 pa\u00edses e estamos trabalhando para vender a nossa carne para o mercado europeu\u201d, frisou.<\/p>\n\n\n\n<p>O secret\u00e1rio de Estado da Agricultura, Jaime Caf\u00e9, explicou que o&nbsp;<em>Compliance no Agro<\/em>&nbsp;\u00e9 um conjunto de normas e regras exigidas tanto pelo mercado quanto pelos \u00f3rg\u00e3os que regulam o agroneg\u00f3cio e fazem com que o produtor atue dentro da legalidade ambiental, trabalhista e sanit\u00e1ria. \u201cOs novos mercados t\u00eam exig\u00eancias acess\u00f3rias, a exemplo da rastreabilidade e isso tudo ser\u00e1 tratado pelos \u00f3rg\u00e3os do Governo e as institui\u00e7\u00f5es que estar\u00e3o na Feira\u201d, destacou.<\/p>\n\n\n\n<p>Jaime Caf\u00e9 explicou ainda que o tema n\u00e3o envolve apenas os grandes produtores, mas tamb\u00e9m os pequenos produtores e representantes da agricultura familiar. \u201cVamos nos comunicar com todos os produtores. Desde os pequenos, que querem comercializar os produtos para a merenda escolar, ao grande produtor que precisa de um certificado para exporta\u00e7\u00e3o\u201d, garantiu.<\/p>\n\n\n\n<p>J\u00e1 o secret\u00e1rio de Estado da Comunica\u00e7\u00e3o, M\u00e1rcio Rocha, adiantou que o desafio do Governo ser\u00e1 explicar o que \u00e9 o&nbsp;<em>compliance<\/em>&nbsp;e como ele abarca pequenos, m\u00e9dios e grandes produtores rurais no Tocantins. \u201cSem o cumprimento das regras de&nbsp;<em>compliance,<\/em>&nbsp;\u00e9 imposs\u00edvel ter acesso aos mercados internos e externos e o grande desafio da comunica\u00e7\u00e3o do Governo \u00e9 explicar, atrav\u00e9s de campanhas educativas, do que se trata esse mecanismo\u201d, ressaltou.<\/p>\n\n\n\n<p><strong>O que \u00e9 Compliance<\/strong><\/p>\n\n\n\n<p><em>Compliance<\/em>&nbsp;\u00e9 o conjunto de procedimentos e mecanismos respons\u00e1veis por garantir o cumprimento das normas legais e regulamentares, pol\u00edticas e diretrizes estabelecidas para organiza\u00e7\u00f5es e setores, bem como para detectar, evitar e tratar quaisquer desvios e inconformidades.<\/p>\n\n\n\n<p>Nos \u00faltimos anos, a pr\u00e1tica de&nbsp;<em>compliance<\/em>&nbsp;entrou de forma definitiva na agenda das empresas brasileiras e da sociedade como um todo, seguindo uma tend\u00eancia j\u00e1 consolidada nas principais economias do mundo, que demanda condutas empresariais mais \u00e9ticas, transparentes e l\u00edcitas.<\/p>\n\n\n\n<p>A Agrotins \u00e9 uma realiza\u00e7\u00e3o do Governo do Tocantins, por meio da Secretaria de Estado da Agricultura e Pecu\u00e1ria (Seagro), da Ag\u00eancia de Defesa Agropecu\u00e1ria (Adapec), do Instituto de Desenvolvimento Rural do Tocantins (Ruraltins), Tocantins Parcerias, da Funda\u00e7\u00e3o de Amparo \u00e0 Pesquisa (Fapt), em conjunto com demais \u00f3rg\u00e3os p\u00fablicos, empresas e institui\u00e7\u00f5es.<\/p>\n\n\n\n<p><img src=\"https:\/\/central.to.gov.br\/image\/315979?w=670&amp;h=383\"><\/p>\n\n\n\n<p>O tema da Agrotins deste ano est\u00e1 em alinhado com valores defendidos pelo Governo do Tocantins: legalidade e obedi\u00eancia \u00e0s normas e procedimentos &#8211; Washington Luiz\/Governo do Tocantins<\/p>\n\n\n\n<p><img src=\"https:\/\/central.to.gov.br\/image\/315980?w=670&amp;h=383\"><\/p>\n\n\n\n<p>Agrotins 2023 ser\u00e1 realizada de 16 a 20 de maio, no Parque Agrotecnol\u00f3gico do Tocantins, em Palmas &#8211; Governo do Tocantins&nbsp;<\/p>\n","protected":false},"excerpt":{"rendered":"<p>Com o tema&nbsp;Compliance no Agro, o governador do Estado do Tocantins, Wanderlei Barbosa, autorizou na tarde desta segunda-feira, 23, a realiza\u00e7\u00e3o da 23\u00aa edi\u00e7\u00e3o da Feira de Tecnologia Agropecu\u00e1ria do Tocantins (Agrotins 2023), de 16 a 20 de maio, no Parque Agrotecnol\u00f3gico Engenheiro Agr\u00f4nomo Mauro Medanha. A Agrotins \u00e9 considerada a maior feira tecnol\u00f3gica do [&hellip;]<\/p>\n","protected":false},"author":2,"featured_media":14435,"comment_status":"open","ping_status":"open","sticky":false,"template":"","format":"standard","meta":[],"categories":[3],"tags":[13],"_links":{"self":[{"href":"https:\/\/dgospel.com.br\/portal\/index.php\/wp-json\/wp\/v2\/posts\/14434"}],"collection":[{"href":"https:\/\/dgospel.com.br\/portal\/index.php\/wp-json\/wp\/v2\/posts"}],"about":[{"href":"https:\/\/dgospel.com.br\/portal\/index.php\/wp-json\/wp\/v2\/types\/post"}],"author":[{"embeddable":true,"href":"https:\/\/dgospel.com.br\/portal\/index.php\/wp-json\/wp\/v2\/users\/2"}],"replies":[{"embeddable":true,"href":"https:\/\/dgospel.com.br\/portal\/index.php\/wp-json\/wp\/v2\/comments?post=14434"}],"version-history":[{"count":1,"href":"https:\/\/dgospel.com.br\/portal\/index.php\/wp-json\/wp\/v2\/posts\/14434\/revisions"}],"predecessor-version":[{"id":14436,"href":"https:\/\/dgospel.com.br\/portal\/index.php\/wp-json\/wp\/v2\/posts\/14434\/revisions\/14436"}],"wp:featuredmedia":[{"embeddable":true,"href":"https:\/\/dgospel.com.br\/portal\/index.php\/wp-json\/wp\/v2\/media\/14435"}],"wp:attachment":[{"href":"https:\/\/dgospel.com.br\/portal\/index.php\/wp-json\/wp\/v2\/media?parent=14434"}],"wp:term":[{"taxonomy":"category","embeddable":true,"href":"https:\/\/dgospel.com.br\/portal\/index.php\/wp-json\/wp\/v2\/categories?post=14434"},{"taxonomy":"post_tag","embeddable":true,"href":"https:\/\/dgospel.com.br\/portal\/index.php\/wp-json\/wp\/v2\/tags?post=14434"}],"curies":[{"name":"wp","href":"https:\/\/api.w.org\/{rel}","templated":true}]}}