{"id":14437,"date":"2023-01-24T16:29:24","date_gmt":"2023-01-24T19:29:24","guid":{"rendered":"http:\/\/dgospel.com.br\/portal\/?p=14437"},"modified":"2023-01-24T16:29:25","modified_gmt":"2023-01-24T19:29:25","slug":"governo-do-tocantins-autoriza-realizacao-do-primeiro-concurso-publico-da-agencia-de-fomento","status":"publish","type":"post","link":"https:\/\/dgospel.com.br\/portal\/index.php\/2023\/01\/24\/governo-do-tocantins-autoriza-realizacao-do-primeiro-concurso-publico-da-agencia-de-fomento\/","title":{"rendered":"Governo do Tocantins autoriza realiza\u00e7\u00e3o do primeiro concurso p\u00fablico da Ag\u00eancia de Fomento"},"content":{"rendered":"\n<p>Seguindo recomenda\u00e7\u00e3o do governador Wanderlei Barbosa acerca do acesso, por meio de concurso, aos cargos p\u00fablicos \u2013 previsto no Artigo 37, II da Constitui\u00e7\u00e3o Federal \u2013 a Ag\u00eancia de Fomento publicou a Portaria n\u00b0 068\/2022, que disp\u00f5e sobre a cria\u00e7\u00e3o da Comiss\u00e3o de Coordena\u00e7\u00e3o do primeiro concurso p\u00fablico da autarquia, publicado no Di\u00e1rio Oficial do Estado n\u00b0 6.255, dessa segunda-feira, 23.<\/p>\n\n\n\n<p>A comiss\u00e3o tem a miss\u00e3o de organizar, operacionalizar, acompanhar e fiscalizar todas as fases do concurso p\u00fablico, al\u00e9m de promover a contrata\u00e7\u00e3o de empresa especializada para executar o certame.<\/p>\n\n\n\n<p>Paralelamente, a Comiss\u00e3o de Coordena\u00e7\u00e3o tem por objetivo promover estudos preliminares, como tamb\u00e9m a fun\u00e7\u00e3o de determinar as necessidades de servidores para cada \u00e1rea t\u00e9cnica, entre as quais, detalhar os cargos, requisitos, etapas e n\u00famero de vagas. Ap\u00f3s esses procedimentos, ser\u00e1 publicado o edital, que ocorrer\u00e1 provavelmente no m\u00eas de maio e com aplica\u00e7\u00e3o das provas no m\u00eas de agosto de 2023.<\/p>\n\n\n\n<p>\u201cEstava em nosso cronograma a realiza\u00e7\u00e3o do concurso p\u00fablico, j\u00e1 acertado com o Minist\u00e9rio P\u00fablico do Trabalho. Contudo, tivemos que adiar a realiza\u00e7\u00e3o deste certame, quer seja pelo per\u00edodo pand\u00eamico, quer seja por proibi\u00e7\u00f5es da legisla\u00e7\u00e3o eleitoral, al\u00e9m de outros entraves. O mais importante \u00e9 que agora seguiremos com o devido andamento, visando \u00e0 contrata\u00e7\u00e3o de servidores p\u00fablicos para a autarquia\u201d, pontua a presidente da Ag\u00eancia de Fomento, Denise Rocha.<\/p>\n\n\n\n<p>\u201cH\u00e1 uma necessidade de realiza\u00e7\u00e3o de novos certames no Tocantins, uma vez que muitos servidores das mais diversas \u00e1reas se aposentaram ou se desligaram do servi\u00e7o p\u00fablico gerando, naturalmente, um d\u00e9ficit. No caso da Ag\u00eancia de Fomento, \u00e9 hist\u00f3rico, pois estamos resgatando e regulamentando uma demanda antiga, autorizando a realiza\u00e7\u00e3o do primeiro concurso p\u00fablico da autarquia\u201d, afirma o governador Wanderlei Barbosa.&nbsp;<\/p>\n\n\n\n<p>\u00c9 imprescind\u00edvel ressaltar que o Governo do Estado do Tocantins vem promovendo ou se organizando para lan\u00e7ar concursos p\u00fablicos nas mais diversas \u00e1reas, como seguran\u00e7a, educa\u00e7\u00e3o e sa\u00fade, visando proporcionar seguran\u00e7a jur\u00eddica e regularizar as carreiras dos mais diversos profissionais.<\/p>\n","protected":false},"excerpt":{"rendered":"<p>Seguindo recomenda\u00e7\u00e3o do governador Wanderlei Barbosa acerca do acesso, por meio de concurso, aos cargos p\u00fablicos \u2013 previsto no Artigo 37, II da Constitui\u00e7\u00e3o Federal \u2013 a Ag\u00eancia de Fomento publicou a Portaria n\u00b0 068\/2022, que disp\u00f5e sobre a cria\u00e7\u00e3o da Comiss\u00e3o de Coordena\u00e7\u00e3o do primeiro concurso p\u00fablico da autarquia, publicado no Di\u00e1rio Oficial do [&hellip;]<\/p>\n","protected":false},"author":2,"featured_media":14438,"comment_status":"open","ping_status":"open","sticky":false,"template":"","format":"standard","meta":[],"categories":[3],"tags":[13],"_links":{"self":[{"href":"https:\/\/dgospel.com.br\/portal\/index.php\/wp-json\/wp\/v2\/posts\/14437"}],"collection":[{"href":"https:\/\/dgospel.com.br\/portal\/index.php\/wp-json\/wp\/v2\/posts"}],"about":[{"href":"https:\/\/dgospel.com.br\/portal\/index.php\/wp-json\/wp\/v2\/types\/post"}],"author":[{"embeddable":true,"href":"https:\/\/dgospel.com.br\/portal\/index.php\/wp-json\/wp\/v2\/users\/2"}],"replies":[{"embeddable":true,"href":"https:\/\/dgospel.com.br\/portal\/index.php\/wp-json\/wp\/v2\/comments?post=14437"}],"version-history":[{"count":1,"href":"https:\/\/dgospel.com.br\/portal\/index.php\/wp-json\/wp\/v2\/posts\/14437\/revisions"}],"predecessor-version":[{"id":14439,"href":"https:\/\/dgospel.com.br\/portal\/index.php\/wp-json\/wp\/v2\/posts\/14437\/revisions\/14439"}],"wp:featuredmedia":[{"embeddable":true,"href":"https:\/\/dgospel.com.br\/portal\/index.php\/wp-json\/wp\/v2\/media\/14438"}],"wp:attachment":[{"href":"https:\/\/dgospel.com.br\/portal\/index.php\/wp-json\/wp\/v2\/media?parent=14437"}],"wp:term":[{"taxonomy":"category","embeddable":true,"href":"https:\/\/dgospel.com.br\/portal\/index.php\/wp-json\/wp\/v2\/categories?post=14437"},{"taxonomy":"post_tag","embeddable":true,"href":"https:\/\/dgospel.com.br\/portal\/index.php\/wp-json\/wp\/v2\/tags?post=14437"}],"curies":[{"name":"wp","href":"https:\/\/api.w.org\/{rel}","templated":true}]}}