{"id":14440,"date":"2023-01-24T16:32:27","date_gmt":"2023-01-24T19:32:27","guid":{"rendered":"http:\/\/dgospel.com.br\/portal\/?p=14440"},"modified":"2023-01-24T16:32:28","modified_gmt":"2023-01-24T19:32:28","slug":"hgp-e-um-dos-hospitais-selecionados-para-o-projeto-do-hospital-alemao-oswaldo-cruz","status":"publish","type":"post","link":"https:\/\/dgospel.com.br\/portal\/index.php\/2023\/01\/24\/hgp-e-um-dos-hospitais-selecionados-para-o-projeto-do-hospital-alemao-oswaldo-cruz\/","title":{"rendered":"HGP \u00e9 um dos hospitais selecionados para o Projeto do Hospital Alem\u00e3o Oswaldo Cruz"},"content":{"rendered":"\n<p>O Hospital Geral de Palmas (HGP) foi selecionado para participar do&nbsp;Projeto Reabilita\u00e7\u00e3o da S\u00edndrome P\u00f3s-Cuidados&nbsp;Intensivos, do Hospital Alem\u00e3o Oswaldo Cruz, vinculado ao&nbsp;Minist\u00e9rio da Sa\u00fade (MS), por meio do Programa de Apoio ao Desenvolvimento Institucional do Sistema \u00danico de Sa\u00fade (Proadi-SUS). A unidade hospitalar tocantinense&nbsp;ser\u00e1 um dos quatro do Brasil a fazer parte do projeto.&nbsp;Al\u00e9m do Tocantins, foram selecionados os Estados de Sergipe, Par\u00e1 e Piau\u00ed.<\/p>\n\n\n\n<p>No HGP,&nbsp;o programa dar\u00e1 suporte&nbsp;em capacita\u00e7\u00f5es de profissionais da unidade do AVC, ala de neurologia e o Servi\u00e7o&nbsp;de Aten\u00e7\u00e3o Domiciliar (SAD). As \u00e1reas impactadas no projeto s\u00e3o respons\u00e1veis por uma m\u00e9dia de 712 atendimentos por m\u00eas e, segundo o enfermeiro e assessor da diretoria&nbsp;do hospital Geral de Palmas, Valdemar Pires de Oliveira, o Projeto Reabilita\u00e7\u00e3o&nbsp;da S\u00edndrome P\u00f3s-Cuidados&nbsp;Intensivos promover\u00e1 um impacto muito grande com cadeia de cuidado&nbsp;e na melhoria da assist\u00eancia&nbsp;direta ao paciente, porque a equipe multiprofissional receber\u00e1 uma qualifica\u00e7\u00e3o de renome nacional.<\/p>\n\n\n\n<p>O enfermeiro acrescenta que, nesta iniciativa, ser\u00e3o beneficiados pacientes de cuidados intensivos e de alta complexidade, permeando pela enfermaria e na interna\u00e7\u00e3o&nbsp;domiciliar. &#8220;Toda essa cadeia sofrer\u00e1 um impacto com mudan\u00e7as significativas. Este projeto nos proporcionar\u00e1&nbsp;uma maior efetividade assistencial e o paciente&nbsp;ir\u00e1 permanecer por menor tempo na unidade&#8221;.<\/p>\n\n\n\n<p>&#8220;\u00c9 uma satisfa\u00e7\u00e3o&nbsp;o HGP ser selecionado e, por meio deste projeto, que busca reabilitar os pacientes e encaminhar&nbsp; para o&nbsp;SAD [Servi\u00e7o&nbsp;de Aten\u00e7\u00e3o Domiciliar],&nbsp; dar&nbsp;continuidade com o tratamento&nbsp;e auxiliar&nbsp;na deshospitaliza\u00e7\u00e3o. Ser\u00e3o&nbsp;seis meses de execu\u00e7\u00e3o e com previs\u00e3o de in\u00edcio&nbsp;no pr\u00f3ximo dia 1\u00b0 de fevereiro&#8221;, afirma o diretor-geral do HGP, Leonardo Toledo.<\/p>\n","protected":false},"excerpt":{"rendered":"<p>O Hospital Geral de Palmas (HGP) foi selecionado para participar do&nbsp;Projeto Reabilita\u00e7\u00e3o da S\u00edndrome P\u00f3s-Cuidados&nbsp;Intensivos, do Hospital Alem\u00e3o Oswaldo Cruz, vinculado ao&nbsp;Minist\u00e9rio da Sa\u00fade (MS), por meio do Programa de Apoio ao Desenvolvimento Institucional do Sistema \u00danico de Sa\u00fade (Proadi-SUS). A unidade hospitalar tocantinense&nbsp;ser\u00e1 um dos quatro do Brasil a fazer parte do projeto.&nbsp;Al\u00e9m do [&hellip;]<\/p>\n","protected":false},"author":2,"featured_media":14441,"comment_status":"open","ping_status":"open","sticky":false,"template":"","format":"standard","meta":[],"categories":[3],"tags":[],"_links":{"self":[{"href":"https:\/\/dgospel.com.br\/portal\/index.php\/wp-json\/wp\/v2\/posts\/14440"}],"collection":[{"href":"https:\/\/dgospel.com.br\/portal\/index.php\/wp-json\/wp\/v2\/posts"}],"about":[{"href":"https:\/\/dgospel.com.br\/portal\/index.php\/wp-json\/wp\/v2\/types\/post"}],"author":[{"embeddable":true,"href":"https:\/\/dgospel.com.br\/portal\/index.php\/wp-json\/wp\/v2\/users\/2"}],"replies":[{"embeddable":true,"href":"https:\/\/dgospel.com.br\/portal\/index.php\/wp-json\/wp\/v2\/comments?post=14440"}],"version-history":[{"count":1,"href":"https:\/\/dgospel.com.br\/portal\/index.php\/wp-json\/wp\/v2\/posts\/14440\/revisions"}],"predecessor-version":[{"id":14442,"href":"https:\/\/dgospel.com.br\/portal\/index.php\/wp-json\/wp\/v2\/posts\/14440\/revisions\/14442"}],"wp:featuredmedia":[{"embeddable":true,"href":"https:\/\/dgospel.com.br\/portal\/index.php\/wp-json\/wp\/v2\/media\/14441"}],"wp:attachment":[{"href":"https:\/\/dgospel.com.br\/portal\/index.php\/wp-json\/wp\/v2\/media?parent=14440"}],"wp:term":[{"taxonomy":"category","embeddable":true,"href":"https:\/\/dgospel.com.br\/portal\/index.php\/wp-json\/wp\/v2\/categories?post=14440"},{"taxonomy":"post_tag","embeddable":true,"href":"https:\/\/dgospel.com.br\/portal\/index.php\/wp-json\/wp\/v2\/tags?post=14440"}],"curies":[{"name":"wp","href":"https:\/\/api.w.org\/{rel}","templated":true}]}}