{"id":14449,"date":"2023-01-24T16:43:49","date_gmt":"2023-01-24T19:43:49","guid":{"rendered":"http:\/\/dgospel.com.br\/portal\/?p=14449"},"modified":"2023-01-24T17:03:04","modified_gmt":"2023-01-24T20:03:04","slug":"pastor-feliciano-diz-que-ministra-da-saude-de-lula-e-ativista-politica-pro-aborto","status":"publish","type":"post","link":"https:\/\/dgospel.com.br\/portal\/index.php\/2023\/01\/24\/pastor-feliciano-diz-que-ministra-da-saude-de-lula-e-ativista-politica-pro-aborto\/","title":{"rendered":"Pastor Feliciano diz que ministra da Sa\u00fade de Lula \u00e9 \u201cativista pol\u00edtica\u201d pr\u00f3-aborto"},"content":{"rendered":"\n<p>Desde que assumiu o seu novo governo, o agora presidente Luiz In\u00e1cio Lula da Silva vem enfrentando cr\u00edticas por parte dos setores mais conservadores, com destaque para os evang\u00e9licos, a exemplo do pastor Marco Feliciano, um contr\u00e1rio \u00e0 pr\u00e1tica do aborto no Brasil.<\/p>\n\n\n\n<p>Feliciano, por exemplo, lembrou que durante a campanha presidencial em 2022, acusa\u00e7\u00f5es sobre o favorecimento de Lula quanto \u00e0 pr\u00e1tica do aborto foram classificadas como falsas.<\/p>\n\n\n\n<p>\u201cDurante a campanha pol\u00edtica para as elei\u00e7\u00f5es de 2022, qualquer men\u00e7\u00e3o de que, o ent\u00e3o candidato, Lula seria favor\u00e1vel ao aborto, era pass\u00edvel de censura; at\u00e9 com suspens\u00e3o nas redes sociais\u201d, lembrou o pastor da Assembleia de Deus.<\/p>\n\n\n\n<p>Contudo, escreveu o religioso em seu artigo para o Pleno News, dizendo que \u201cj\u00e1 nos primeiros dias\u201d do novo governo Lula, a postura pr\u00f3-aborto se tornou evidente, em particular pela ministra da Sa\u00fade, N\u00edsia Trindade.<\/p>\n\n\n\n<p>\u201c[A]] nova ministra da sa\u00fade, que n\u00e3o \u00e9 m\u00e9dica, mas sim ativista pol\u00edtica, N\u00edsia Trindade \u2013 manifestaram a vontade de interferir nas normas e leis contra o aborto, a fim de flexibilizar as proibi\u00e7\u00f5es\u201d, criticou Feliciano.<\/p>\n\n\n\n<p>N\u00e3o por acaso, at\u00e9 mesmo a Confedera\u00e7\u00e3o dos Bispos Cat\u00f3licos do Brasil, a CNBB, publicou uma nota repudiando a postura do atual governo petista em prol do aborto, muito embora a entidade tenha sido acusada de favorecer a campanha presidencial de Lula.<\/p>\n\n\n\n<p>Quanto a Feliciano, o pastor disse que j\u00e1 declarou estar nas \u201cfileiras com o objetivo de evitar que portarias e resolu\u00e7\u00f5es abram brechas na legisla\u00e7\u00e3o oriunda do Congresso Nacional, votadas pelos verdadeiros representantes do povo, que s\u00e3o os senadores e os deputados, em vota\u00e7\u00e3o nominal nas duas casas\u201d, sejam cobrados por essa finalidade.<\/p>\n\n\n\n<p>O pastor, por fim, pede para que Jeremias 1:5 seja considerado, lembrando que Deus defende a preserva\u00e7\u00e3o da vida desde o \u00fatero materno, a fim de que o Senhor impe\u00e7a a \u201cagress\u00e3o deliberada a nossos costumes crist\u00e3os\u201d,&nbsp;<a href=\"https:\/\/pleno.news\/opiniao\/marco-feliciano\/lula-e-sua-decisoes-acerca-do-aborto-no-brasil.html\">informou<\/a>&nbsp;o Pleno News.<\/p>\n","protected":false},"excerpt":{"rendered":"<p>Desde que assumiu o seu novo governo, o agora presidente Luiz In\u00e1cio Lula da Silva vem enfrentando cr\u00edticas por parte dos setores mais conservadores, com destaque para os evang\u00e9licos, a exemplo do pastor Marco Feliciano, um contr\u00e1rio \u00e0 pr\u00e1tica do aborto no Brasil. Feliciano, por exemplo, lembrou que durante a campanha presidencial em 2022, acusa\u00e7\u00f5es [&hellip;]<\/p>\n","protected":false},"author":2,"featured_media":14450,"comment_status":"open","ping_status":"open","sticky":false,"template":"","format":"standard","meta":[],"categories":[8],"tags":[],"_links":{"self":[{"href":"https:\/\/dgospel.com.br\/portal\/index.php\/wp-json\/wp\/v2\/posts\/14449"}],"collection":[{"href":"https:\/\/dgospel.com.br\/portal\/index.php\/wp-json\/wp\/v2\/posts"}],"about":[{"href":"https:\/\/dgospel.com.br\/portal\/index.php\/wp-json\/wp\/v2\/types\/post"}],"author":[{"embeddable":true,"href":"https:\/\/dgospel.com.br\/portal\/index.php\/wp-json\/wp\/v2\/users\/2"}],"replies":[{"embeddable":true,"href":"https:\/\/dgospel.com.br\/portal\/index.php\/wp-json\/wp\/v2\/comments?post=14449"}],"version-history":[{"count":1,"href":"https:\/\/dgospel.com.br\/portal\/index.php\/wp-json\/wp\/v2\/posts\/14449\/revisions"}],"predecessor-version":[{"id":14451,"href":"https:\/\/dgospel.com.br\/portal\/index.php\/wp-json\/wp\/v2\/posts\/14449\/revisions\/14451"}],"wp:featuredmedia":[{"embeddable":true,"href":"https:\/\/dgospel.com.br\/portal\/index.php\/wp-json\/wp\/v2\/media\/14450"}],"wp:attachment":[{"href":"https:\/\/dgospel.com.br\/portal\/index.php\/wp-json\/wp\/v2\/media?parent=14449"}],"wp:term":[{"taxonomy":"category","embeddable":true,"href":"https:\/\/dgospel.com.br\/portal\/index.php\/wp-json\/wp\/v2\/categories?post=14449"},{"taxonomy":"post_tag","embeddable":true,"href":"https:\/\/dgospel.com.br\/portal\/index.php\/wp-json\/wp\/v2\/tags?post=14449"}],"curies":[{"name":"wp","href":"https:\/\/api.w.org\/{rel}","templated":true}]}}