{"id":1445,"date":"2018-09-26T15:52:56","date_gmt":"2018-09-26T18:52:56","guid":{"rendered":"http:\/\/dgospel.com.br\/portal\/?p=1445"},"modified":"2018-09-26T15:52:56","modified_gmt":"2018-09-26T18:52:56","slug":"carlesse-e-gomes-reunem-centenas-de-vereadores-em-palmas-e-destacam-perfil-municipalista-da-gestao-estadual","status":"publish","type":"post","link":"https:\/\/dgospel.com.br\/portal\/index.php\/2018\/09\/26\/carlesse-e-gomes-reunem-centenas-de-vereadores-em-palmas-e-destacam-perfil-municipalista-da-gestao-estadual\/","title":{"rendered":"Carlesse e Gomes re\u00fanem centenas de vereadores em Palmas e destacam perfil municipalista da Gest\u00e3o estadual"},"content":{"rendered":"<p class=\"yiv6389103454MsoNormal\">O Governador Mauro Carlesse (PHS) e o candidato ao Senado Eduardo Gomes (SD) se reuniram nesta quarta-feira, 26, com centenas vereadores, prefeitos, ex-prefeitos e l\u00edderes pol\u00edticos no Crystal Hall, em Palmas, onde receberam apoios e garantiram aos presentes que a Gest\u00e3o estadual ser\u00e1 marcada pelo municipalismo. \u201cRealizar um Governo comprometido com o desenvolvimento dos munic\u00edpios tocantinenses \u00e9 um dos princ\u00edpios b\u00e1sicos de nosso Plano de Governo\u201d, afirmou o Carlesse.<\/p>\n<p class=\"yiv6389103454MsoNormal\">Em seu discurso, Carlesse falou que implantou em seu Governo a Secretaria das Cidades e Infraestrutura que vai promover a\u00e7\u00f5es de apoio as pol\u00edticas urbanas dos munic\u00edpios do estado. \u201cIremos implantar um programa de parceria denominado Plano de A\u00e7\u00e3o Municipal onde o Estado dever\u00e1 criar uma estrutura voltada para a elabora\u00e7\u00e3o de projetos, an\u00e1lise de viabilidade local, formula\u00e7\u00e3o de conv\u00eanios e acompanhamento de execu\u00e7\u00e3o das a\u00e7\u00f5es visando a constru\u00e7\u00e3o de cidades mais humanas e munic\u00edpios eficientes\u201d, garantiu.<\/p>\n<p class=\"yiv6389103454MsoNormal\"><b>Divis\u00e3o dos recursos<\/b><\/p>\n<p class=\"yiv6389103454MsoNormal\">Carlesse lembrou da divis\u00e3o de parte dos recursos de um empr\u00e9stimo do Executivo \u00e0 Caixa Econ\u00f4mica. \u201cVamos seguir com nossos esfor\u00e7os e nosso prop\u00f3sito de concluir as etapas para a finaliza\u00e7\u00e3o do projeto de investimentos em infraestrutura nos 139 munic\u00edpios do estado por meio da parceria com a Caixa e com o Banco do Brasil. Vamos garantir a constru\u00e7\u00e3o da ponte sobre o rio Tocantins em Porto Nacional e os demais investimentos na constru\u00e7\u00e3o de rodovias e hospitais com suporte nesses investimentos\u201d, frisou.<\/p>\n<p class=\"yiv6389103454MsoNormal\"><b>Pal\u00e1cio Araguaia de Portas Abertas<\/b><\/p>\n<p class=\"yiv6389103454MsoNormal\">Desde que assumiu o Governo do Tocantins, Carlesse abriu as portas do Pal\u00e1cio Araguaia para receber vereadores e prefeitos que procuram o Executivo estadual para apresentar demandas de suas regi\u00f5es. \u201cOs prefeitos e vereadores s\u00e3o os leg\u00edtimos representantes populares, foram eleitos democraticamente e sabem das necessidades da popula\u00e7\u00e3o. Por isso, o Pal\u00e1cio Araguaia estar\u00e1 sempre aberto para receb\u00ea-los&#8221;, garantiu.<\/p>\n<p class=\"yiv6389103454MsoNormal\">A vereadora de Dois Irm\u00e3os, Rita de Cassia Martins (SD) disse que com a elei\u00e7\u00e3o Carlesse, o Governo n\u00e3o ir\u00e1 parar. J\u00e1 o presidente da C\u00e2mara de Vereadores de Abreul\u00e2ndia, Jair Gabino (PV), disse que o Governador \u00e9 garantia de estabilidade.<\/p>\n<p class=\"yiv6389103454MsoNormal\">O presidente da C\u00e2mara de S\u00e3o Val\u00e9rio, Silvonete Lopes (SD) disse que o perfil municipalista de Carlesse vai desenvolver todo o estado, e o prefeito de Bandeirantes do Tocantins, Jos\u00e9 M\u00e1rio Zambon Teixeira (PP) destacou o perfil gestor do Governador.<\/p>\n<p class=\"yiv6389103454MsoNormal\"><b>Sobre o evento<\/b><\/p>\n<p class=\"yiv6389103454MsoNormal\">O encontro com vereadores foi organizado pelo candidato ao Senado Eduardo Gomes (SD). A abertura foi realizada pelo respons\u00e1vel da \u00e1rea de comunica\u00e7\u00e3o e marketing da Coliga\u00e7\u00e3o Governo de Atitude, Jo\u00e3o Neto Aguiar, que apresentou informa\u00e7\u00f5es, dados e v\u00eddeos dos candidatos da majorit\u00e1ria. \u201cO Estado \u00e9 apenas uma figura jur\u00eddica, o que realmente existe s\u00e3o os munic\u00edpios. \u00c9 por isso que Mauro Carlesse vai fazer uma gest\u00e3o municipalista&#8221;, disse.<\/p>\n<p class=\"yiv6389103454MsoNormal\">O evento seguiu com discurso do candidato Eduardo Gomes. \u201c\u00c9 com Carlesse que vamos defender o Tocantins, o Governo e assinar os conv\u00eanios que s\u00e3o necess\u00e1rios para o crescimento do estado. Deixem o homem [Carlesse] trabalhar&#8221;, afirmou.<\/p>\n<p class=\"yiv6389103454MsoNormal\">Estiveram presentes ainda no evento os candidatos Tiago Dimas (SD), L\u00e9o Barbosa (SD), Dorinha Seabra (DEM), Cleiton Cardoso (PTC), Carlos Gaguim (DEM), al\u00e9m do vice-governador e candidato \u00e0 reelei\u00e7\u00e3o Wanderlei Barbosa (PHS).<\/p>\n","protected":false},"excerpt":{"rendered":"<p>O Governador Mauro Carlesse (PHS) e o candidato ao Senado Eduardo Gomes (SD) se reuniram nesta quarta-feira, 26, com centenas vereadores, prefeitos, ex-prefeitos e l\u00edderes pol\u00edticos no Crystal Hall, em Palmas, onde receberam apoios e garantiram aos presentes que a Gest\u00e3o estadual ser\u00e1 marcada pelo municipalismo. \u201cRealizar um Governo comprometido com o desenvolvimento dos munic\u00edpios [&hellip;]<\/p>\n","protected":false},"author":2,"featured_media":1446,"comment_status":"open","ping_status":"open","sticky":false,"template":"","format":"standard","meta":[],"categories":[2,4],"tags":[],"_links":{"self":[{"href":"https:\/\/dgospel.com.br\/portal\/index.php\/wp-json\/wp\/v2\/posts\/1445"}],"collection":[{"href":"https:\/\/dgospel.com.br\/portal\/index.php\/wp-json\/wp\/v2\/posts"}],"about":[{"href":"https:\/\/dgospel.com.br\/portal\/index.php\/wp-json\/wp\/v2\/types\/post"}],"author":[{"embeddable":true,"href":"https:\/\/dgospel.com.br\/portal\/index.php\/wp-json\/wp\/v2\/users\/2"}],"replies":[{"embeddable":true,"href":"https:\/\/dgospel.com.br\/portal\/index.php\/wp-json\/wp\/v2\/comments?post=1445"}],"version-history":[{"count":1,"href":"https:\/\/dgospel.com.br\/portal\/index.php\/wp-json\/wp\/v2\/posts\/1445\/revisions"}],"predecessor-version":[{"id":1447,"href":"https:\/\/dgospel.com.br\/portal\/index.php\/wp-json\/wp\/v2\/posts\/1445\/revisions\/1447"}],"wp:featuredmedia":[{"embeddable":true,"href":"https:\/\/dgospel.com.br\/portal\/index.php\/wp-json\/wp\/v2\/media\/1446"}],"wp:attachment":[{"href":"https:\/\/dgospel.com.br\/portal\/index.php\/wp-json\/wp\/v2\/media?parent=1445"}],"wp:term":[{"taxonomy":"category","embeddable":true,"href":"https:\/\/dgospel.com.br\/portal\/index.php\/wp-json\/wp\/v2\/categories?post=1445"},{"taxonomy":"post_tag","embeddable":true,"href":"https:\/\/dgospel.com.br\/portal\/index.php\/wp-json\/wp\/v2\/tags?post=1445"}],"curies":[{"name":"wp","href":"https:\/\/api.w.org\/{rel}","templated":true}]}}