{"id":14452,"date":"2023-01-26T09:45:36","date_gmt":"2023-01-26T12:45:36","guid":{"rendered":"http:\/\/dgospel.com.br\/portal\/?p=14452"},"modified":"2023-01-26T09:47:26","modified_gmt":"2023-01-26T12:47:26","slug":"saiba-quem-sao-as-12-pessoas-que-morreram-em-grave-acidente-entre-van-e-caminhao-na-to-280","status":"publish","type":"post","link":"https:\/\/dgospel.com.br\/portal\/index.php\/2023\/01\/26\/saiba-quem-sao-as-12-pessoas-que-morreram-em-grave-acidente-entre-van-e-caminhao-na-to-280\/","title":{"rendered":"Saiba quem s\u00e3o as 12 pessoas que morreram em grave acidente entre van e caminh\u00e3o na TO-280"},"content":{"rendered":"\n<p><a href=\"https:\/\/g1.globo.com\/to\/tocantins\/noticia\/2023\/01\/25\/acidente-entre-van-e-caminhao-deixa-mortos-e-feridos-em-rodovia-entre-almas-e-natividade.ghtml\">As 12 pessoas que morreram em um grave acidente entre uma van e um caminh\u00e3o<\/a>&nbsp;na TO-280, pr\u00f3ximo a Natividade, na regi\u00e3o sudeste do Tocantins, foram identificadas. As v\u00edtimas estavam em uma van que pertence \u00e0 Secretaria de Sa\u00fade de Almas e<a href=\"https:\/\/g1.globo.com\/to\/tocantins\/noticia\/2023\/01\/26\/mortos-em-acidente-envolvendo-van-retornavam-de-atendimento-medico-em-palmas-bebe-esta-entre-as-vitimas.ghtml\">&nbsp;retornavam de atendimento m\u00e9dico quando houve a colis\u00e3o<\/a>.<\/p>\n\n\n\n<p>As v\u00edtimas s\u00e3o quatro homens, sete mulheres e um beb\u00ea. Todos s\u00e3o moradores de Almas, cidade que fica a cerca de 290 km da capital. Entre as v\u00edtimas fatais est\u00e3o dois quilombolas, uma professora e servidores p\u00fablicos da cidade. Os nomes informados pela prefeitura s\u00e3o:<\/p>\n\n\n\n<ol><li>Deliana Rodrigues dos Santos<\/li><li>Lucilene Ferreira Folha<\/li><li>Jailma Ramalho Costa<\/li><li>Antonia Fernandes Crisostomo<\/li><li>Emilena Pinto de Oliveira<\/li><li>Luciano Ant\u00f4nio de Almeida<\/li><li>Marcilene Aparecida de Andrade<\/li><li>Joaquim Pereira Valadares<\/li><li>Wesler Ferreira Folha<\/li><li>Jordana Guedes Dias<\/li><li>Rute Guedes Dias<\/li><li>Jo\u00e3o Batista de Oliveira<\/li><\/ol>\n\n\n\n<p><\/p>\n\n\n\n<figure class=\"wp-block-image size-large\"><img loading=\"lazy\" width=\"1024\" height=\"1024\" src=\"http:\/\/dgospel.com.br\/portal\/wp-content\/uploads\/2023\/01\/00000000000000-2-1024x1024.jpg\" alt=\"\" class=\"wp-image-14456\" srcset=\"https:\/\/dgospel.com.br\/portal\/wp-content\/uploads\/2023\/01\/00000000000000-2-1024x1024.jpg 1024w, https:\/\/dgospel.com.br\/portal\/wp-content\/uploads\/2023\/01\/00000000000000-2-300x300.jpg 300w, https:\/\/dgospel.com.br\/portal\/wp-content\/uploads\/2023\/01\/00000000000000-2-150x150.jpg 150w, https:\/\/dgospel.com.br\/portal\/wp-content\/uploads\/2023\/01\/00000000000000-2-768x768.jpg 768w, https:\/\/dgospel.com.br\/portal\/wp-content\/uploads\/2023\/01\/00000000000000-2.jpg 1280w\" sizes=\"(max-width: 1024px) 100vw, 1024px\" \/><\/figure>\n\n\n\n<figure class=\"wp-block-image\"><img src=\"https:\/\/s2.glbimg.com\/rWfY6abJfBsY9qK9QXsKYRBDq_c=\/0x0:1600x1200\/984x0\/smart\/filters:strip_icc()\/i.s3.glbimg.com\/v1\/AUTH_59edd422c0c84a879bd37670ae4f538a\/internal_photos\/bs\/2023\/X\/z\/QSoHOtSJ2QMTl64dEejQ\/whatsapp-image-2023-01-26-at-06.16.08-1-.jpeg\" alt=\"Acidente na TO-280 pr\u00f3ximo a Natividade \u2014 Foto: Divulga\u00e7\u00e3o\/Corpo de Bombeiros\"\/><\/figure>\n\n\n\n<p>Acidente na TO-280 pr\u00f3ximo a Natividade \u2014 Foto: Divulga\u00e7\u00e3o\/Corpo de Bombeiros<\/p>\n\n\n\n<p>Dois sobreviventes da van foram levados com vida para hospitais de Natividade e Porto Nacional com fraturas.<\/p>\n\n\n\n<p>Os corpos das v\u00edtimas fatais foram levados ao Instituto M\u00e9dico Legal (IML) de Natividade.<\/p>\n\n\n\n<h2>O acidente<\/h2>\n\n\n\n<p>O acidente aconteceu por volta das 20h40 desta quarta-feira (25) quando a van voltava para Almas ap\u00f3s pacientes passarem por atendimento m\u00e9dico em Palmas. Testemunhas disseram \u00e0 Pol\u00edcia Militar que o caminh\u00e3o teria tentado fazer uma ultrapassagem quando bateu de frente com a van que estava na faixa contr\u00e1ria.<\/p>\n\n\n\n<figure class=\"wp-block-image\"><img src=\"https:\/\/s2.glbimg.com\/F4HkKKXGVDEAdfCqW5Itrsz0NkE=\/0x0:1600x1200\/984x0\/smart\/filters:strip_icc()\/i.s3.glbimg.com\/v1\/AUTH_59edd422c0c84a879bd37670ae4f538a\/internal_photos\/bs\/2023\/f\/m\/wYWMA4SsiQkxMBoZIeEQ\/whatsapp-image-2023-01-26-at-08.03.56-1-.jpeg\" alt=\"Acidente entre caminh\u00e3o e van deixou 12 mortos no Tocantins \u2014 Foto: Igor Pires\/TV Anhanguera \"\/><\/figure>\n\n\n\n<p>Acidente entre caminh\u00e3o e van deixou 12 mortos no Tocantins \u2014 Foto: Igor Pires\/TV Anhanguera<\/p>\n\n\n\n<p>De acordo com o Corpo de Bombeiros e a PM, um casal e uma crian\u00e7a estavam no caminh\u00e3o. Eles foram levados para o hospital com ferimentos leves e liberados ap\u00f3s atendimento.<\/p>\n\n\n\n<p>Os bombeiros informaram que na van havia uma grande quantidade \u00e1lcool et\u00edlico que estava sendo transportado para o hospital de Almas. Por isso, a retirada dos corpos precisou ser feita com muito cuidado.<\/p>\n\n\n\n<p>A Prefeitura de Almas informou que deslocou equipes para o local do acidente e para o Instituto M\u00e9dico Legal (IML) de Natividade, para acompanharem a libera\u00e7\u00e3o dos corpos. O prefeito informou, ainda, que est\u00e1 oferecendo todo suporte e apoio necess\u00e1rios aos familiares das v\u00edtimas e aos pacientes que est\u00e3o hospitalizados.<\/p>\n\n\n\n<figure class=\"wp-block-image\"><img src=\"https:\/\/s2.glbimg.com\/IkICpmZIg-HeaGtOEy3ahKcv72E=\/0x0:1660x923\/984x0\/smart\/filters:strip_icc()\/i.s3.glbimg.com\/v1\/AUTH_59edd422c0c84a879bd37670ae4f538a\/internal_photos\/bs\/2023\/a\/J\/LcXh7NTRiPh6q7tldxjQ\/acidente3.png\" alt=\"Acidente aconteceu na TO-280 entre Natividade e Almas \u2014 Foto: Reprodu\u00e7\u00e3o\/TV Anhanguera\"\/><\/figure>\n\n\n\n<p>Acidente aconteceu na TO-280 entre Natividade e Almas \u2014 Foto: Reprodu\u00e7\u00e3o\/TV Anhanguera<\/p>\n\n\n\n<p>Fonte: G1 Tocantins <\/p>\n","protected":false},"excerpt":{"rendered":"<p>As 12 pessoas que morreram em um grave acidente entre uma van e um caminh\u00e3o&nbsp;na TO-280, pr\u00f3ximo a Natividade, na regi\u00e3o sudeste do Tocantins, foram identificadas. As v\u00edtimas estavam em uma van que pertence \u00e0 Secretaria de Sa\u00fade de Almas e&nbsp;retornavam de atendimento m\u00e9dico quando houve a colis\u00e3o. As v\u00edtimas s\u00e3o quatro homens, sete mulheres [&hellip;]<\/p>\n","protected":false},"author":2,"featured_media":14453,"comment_status":"open","ping_status":"open","sticky":false,"template":"","format":"standard","meta":[],"categories":[3],"tags":[],"_links":{"self":[{"href":"https:\/\/dgospel.com.br\/portal\/index.php\/wp-json\/wp\/v2\/posts\/14452"}],"collection":[{"href":"https:\/\/dgospel.com.br\/portal\/index.php\/wp-json\/wp\/v2\/posts"}],"about":[{"href":"https:\/\/dgospel.com.br\/portal\/index.php\/wp-json\/wp\/v2\/types\/post"}],"author":[{"embeddable":true,"href":"https:\/\/dgospel.com.br\/portal\/index.php\/wp-json\/wp\/v2\/users\/2"}],"replies":[{"embeddable":true,"href":"https:\/\/dgospel.com.br\/portal\/index.php\/wp-json\/wp\/v2\/comments?post=14452"}],"version-history":[{"count":2,"href":"https:\/\/dgospel.com.br\/portal\/index.php\/wp-json\/wp\/v2\/posts\/14452\/revisions"}],"predecessor-version":[{"id":14457,"href":"https:\/\/dgospel.com.br\/portal\/index.php\/wp-json\/wp\/v2\/posts\/14452\/revisions\/14457"}],"wp:featuredmedia":[{"embeddable":true,"href":"https:\/\/dgospel.com.br\/portal\/index.php\/wp-json\/wp\/v2\/media\/14453"}],"wp:attachment":[{"href":"https:\/\/dgospel.com.br\/portal\/index.php\/wp-json\/wp\/v2\/media?parent=14452"}],"wp:term":[{"taxonomy":"category","embeddable":true,"href":"https:\/\/dgospel.com.br\/portal\/index.php\/wp-json\/wp\/v2\/categories?post=14452"},{"taxonomy":"post_tag","embeddable":true,"href":"https:\/\/dgospel.com.br\/portal\/index.php\/wp-json\/wp\/v2\/tags?post=14452"}],"curies":[{"name":"wp","href":"https:\/\/api.w.org\/{rel}","templated":true}]}}