{"id":14458,"date":"2023-01-26T10:55:18","date_gmt":"2023-01-26T13:55:18","guid":{"rendered":"http:\/\/dgospel.com.br\/portal\/?p=14458"},"modified":"2023-01-26T10:55:20","modified_gmt":"2023-01-26T13:55:20","slug":"fake-news-do-bem-lula-diz-que-erradicou-a-fome-no-brasil-em-2010","status":"publish","type":"post","link":"https:\/\/dgospel.com.br\/portal\/index.php\/2023\/01\/26\/fake-news-do-bem-lula-diz-que-erradicou-a-fome-no-brasil-em-2010\/","title":{"rendered":"\u2018Fake news\u00a0do bem\u2019: Lula diz que erradicou a fome no Brasil em 2010"},"content":{"rendered":"\n<p>O presidente&nbsp;<a href=\"https:\/\/twitter.com\/LulaOficial?ref_src=twsrc%5Egoogle%7Ctwcamp%5Eserp%7Ctwgr%5Eauthor\" target=\"_blank\" rel=\"noreferrer noopener\"><strong>Lula<\/strong><\/a>&nbsp;garantiu que ningu\u00e9m passava fome no Brasil, quando ele deixou o governo, em 2010. Contudo, dados do Instituto Brasileiro de Geografia e Estat\u00edstica (IBGE) desmentem a fala do petista, visto que, naquele ano, havia pouco mais de 11 milh\u00f5es de pessoas sem comida no pa\u00eds.<\/p>\n\n\n\n<p>\u201cO Brasil n\u00e3o tinha mais fome quando deixei a Presid\u00eancia\u201d, disse Lula, durante encontro com o presidente do Uruguai, Lacalle Pou, em Montevid\u00e9u, na quarta-feira 25. \u201cHoje, tem&nbsp;<a href=\"https:\/\/revistaoeste.com\/brasil\/as-controversias-no-entorno-das-33-milhoes-de-pessoas-com-fome-no-brasil\/\" target=\"_blank\" rel=\"noreferrer noopener\"><strong>33 milh\u00f5es de pessoas<\/strong><\/a>. Significa que quase tudo o que n\u00f3s fizemos de benef\u00edcio social no meu pa\u00eds, em 13 anos de governo, foi destru\u00eddo em sete anos. Tr\u00eas do golpista Michel Temer e quatro do governo Bolsonaro.\u201d<\/p>\n\n\n\n<p>Segundo o IBGE, em 2010, pelo menos 11,2 milh\u00f5es de pessoas no pa\u00eds passavam fome ou corriam o risco de ficar sem se alimentar por falta de dinheiro. A estat\u00edstica do instituto considerou os dados da popula\u00e7\u00e3o em 2009.<\/p>\n\n\n\n<p>Al\u00e9m dos que passavam fome, o IBGE constatou que 65,5 milh\u00f5es de brasileiros tinham alguma dificuldade para se alimentar. Segundo o instituto, 40,1 milh\u00f5es viviam em situa\u00e7\u00e3o de inseguran\u00e7a alimentar leve (quando h\u00e1 incerteza quanto ao acesso a alimentos em um futuro pr\u00f3ximo e\/ou quando a qualidade da alimenta\u00e7\u00e3o j\u00e1 est\u00e1 comprometida).<\/p>\n","protected":false},"excerpt":{"rendered":"<p>O presidente&nbsp;Lula&nbsp;garantiu que ningu\u00e9m passava fome no Brasil, quando ele deixou o governo, em 2010. Contudo, dados do Instituto Brasileiro de Geografia e Estat\u00edstica (IBGE) desmentem a fala do petista, visto que, naquele ano, havia pouco mais de 11 milh\u00f5es de pessoas sem comida no pa\u00eds. \u201cO Brasil n\u00e3o tinha mais fome quando deixei a [&hellip;]<\/p>\n","protected":false},"author":2,"featured_media":14459,"comment_status":"open","ping_status":"open","sticky":false,"template":"","format":"standard","meta":[],"categories":[4],"tags":[13],"_links":{"self":[{"href":"https:\/\/dgospel.com.br\/portal\/index.php\/wp-json\/wp\/v2\/posts\/14458"}],"collection":[{"href":"https:\/\/dgospel.com.br\/portal\/index.php\/wp-json\/wp\/v2\/posts"}],"about":[{"href":"https:\/\/dgospel.com.br\/portal\/index.php\/wp-json\/wp\/v2\/types\/post"}],"author":[{"embeddable":true,"href":"https:\/\/dgospel.com.br\/portal\/index.php\/wp-json\/wp\/v2\/users\/2"}],"replies":[{"embeddable":true,"href":"https:\/\/dgospel.com.br\/portal\/index.php\/wp-json\/wp\/v2\/comments?post=14458"}],"version-history":[{"count":1,"href":"https:\/\/dgospel.com.br\/portal\/index.php\/wp-json\/wp\/v2\/posts\/14458\/revisions"}],"predecessor-version":[{"id":14460,"href":"https:\/\/dgospel.com.br\/portal\/index.php\/wp-json\/wp\/v2\/posts\/14458\/revisions\/14460"}],"wp:featuredmedia":[{"embeddable":true,"href":"https:\/\/dgospel.com.br\/portal\/index.php\/wp-json\/wp\/v2\/media\/14459"}],"wp:attachment":[{"href":"https:\/\/dgospel.com.br\/portal\/index.php\/wp-json\/wp\/v2\/media?parent=14458"}],"wp:term":[{"taxonomy":"category","embeddable":true,"href":"https:\/\/dgospel.com.br\/portal\/index.php\/wp-json\/wp\/v2\/categories?post=14458"},{"taxonomy":"post_tag","embeddable":true,"href":"https:\/\/dgospel.com.br\/portal\/index.php\/wp-json\/wp\/v2\/tags?post=14458"}],"curies":[{"name":"wp","href":"https:\/\/api.w.org\/{rel}","templated":true}]}}