{"id":14461,"date":"2023-01-26T10:58:20","date_gmt":"2023-01-26T13:58:20","guid":{"rendered":"http:\/\/dgospel.com.br\/portal\/?p=14461"},"modified":"2023-01-26T10:58:21","modified_gmt":"2023-01-26T13:58:21","slug":"ministro-de-lula-fala-em-enquadrar-uber-e-ifood","status":"publish","type":"post","link":"https:\/\/dgospel.com.br\/portal\/index.php\/2023\/01\/26\/ministro-de-lula-fala-em-enquadrar-uber-e-ifood\/","title":{"rendered":"Ministro de Lula fala em \u2018enquadrar\u2019 Uber e iFood"},"content":{"rendered":"\n<p>O ministro do Trabalho,&nbsp;<a href=\"https:\/\/twitter.com\/luizmarinhopt\" target=\"_blank\" rel=\"noreferrer noopener\"><strong>Luiz Marinho<\/strong><\/a>, criticou as empresas de aplicativo que prestam servi\u00e7os de&nbsp;<em>delivery<\/em>. Em entrevista ao jornal&nbsp;<em>Estado de S.Paulo,&nbsp;<\/em>publicada na quarta-feira 25, ele afirmou que o trabalho informal serve apenas para \u201cexplorar o trabalhador\u201d. Marinho defende a regulamenta\u00e7\u00e3o dos aplicativos.<\/p>\n\n\n\n<p>De acordo com o ministro de Lula, \u00e9 preciso fiscalizar e investigar para fazer as empresas cumprirem a legisla\u00e7\u00e3o vigente. \u201cEst\u00e3o desmontando totalmente a prote\u00e7\u00e3o ao trabalho\u201d, disse.<\/p>\n\n\n\n<p>\u201cTem muito trabalho escravo no Brasil que a sociedade est\u00e1 tolerando\u201d, observou o ministro, que citou o Uber como exemplo de suposta explora\u00e7\u00e3o de m\u00e3o de obra. Segundo ele, h\u00e1 prestadores de servi\u00e7o que trabalham 16 horas por dia. \u201cIsso \u00e9 trabalho escravo para mim.\u201d<\/p>\n\n\n\n<p>De acordo com Marinho, o minist\u00e9rio vai instituir um processo de negocia\u00e7\u00e3o com as empresas. \u201cVamos estabelecer padr\u00e3o de remunera\u00e7\u00e3o, de prote\u00e7\u00e3o social\u201d, garantiu. \u201cUm trabalhador de aplicativos, um caminhoneiro, um mototaxista, motoboy n\u00e3o tem nenhuma seguran\u00e7a. \u00c9 preciso que seja regulamentado.\u201d<\/p>\n\n\n\n<p>O ministro ainda prometeu \u201cenquadrar\u201d as empresas que n\u00e3o se adequarem \u00e0 realidade. De acordo com ministro, pa\u00edses da Europa est\u00e3o discutindo o tema. \u201cL\u00e1 tamb\u00e9m est\u00e3o debatendo para enquadrar esse povo\u201d, disse. \u201cAs empresas amea\u00e7aram sair fora da Espanha por isso. Durou 48 horas a rebeldia. Ficaram dois dias fora e voltaram. V\u00e3o ser enquadrados.\u201d<\/p>\n\n\n\n<h2>Uber rebate declara\u00e7\u00f5es de ministro<\/h2>\n\n\n\n<p>Em nota, a Uber afirmou que existe ferramentas de seguran\u00e7a para limitar o tempo on-line de motoristas dirigindo. \u201cA ferramenta fornece notifica\u00e7\u00f5es ao motorista quando ele se aproxima do limite de 12 horas on-line conduzindo o ve\u00edculo em um \u00fanico dia\u201d, rebateu. \u201cAtingido esse limite, ele ser\u00e1 automaticamente desconectado e n\u00e3o poder\u00e1 utilizar o aplicativo pelas seis horas seguintes.\u201d<\/p>\n","protected":false},"excerpt":{"rendered":"<p>O ministro do Trabalho,&nbsp;Luiz Marinho, criticou as empresas de aplicativo que prestam servi\u00e7os de&nbsp;delivery. Em entrevista ao jornal&nbsp;Estado de S.Paulo,&nbsp;publicada na quarta-feira 25, ele afirmou que o trabalho informal serve apenas para \u201cexplorar o trabalhador\u201d. Marinho defende a regulamenta\u00e7\u00e3o dos aplicativos. De acordo com o ministro de Lula, \u00e9 preciso fiscalizar e investigar para fazer [&hellip;]<\/p>\n","protected":false},"author":2,"featured_media":14462,"comment_status":"open","ping_status":"open","sticky":false,"template":"","format":"standard","meta":[],"categories":[10],"tags":[13],"_links":{"self":[{"href":"https:\/\/dgospel.com.br\/portal\/index.php\/wp-json\/wp\/v2\/posts\/14461"}],"collection":[{"href":"https:\/\/dgospel.com.br\/portal\/index.php\/wp-json\/wp\/v2\/posts"}],"about":[{"href":"https:\/\/dgospel.com.br\/portal\/index.php\/wp-json\/wp\/v2\/types\/post"}],"author":[{"embeddable":true,"href":"https:\/\/dgospel.com.br\/portal\/index.php\/wp-json\/wp\/v2\/users\/2"}],"replies":[{"embeddable":true,"href":"https:\/\/dgospel.com.br\/portal\/index.php\/wp-json\/wp\/v2\/comments?post=14461"}],"version-history":[{"count":1,"href":"https:\/\/dgospel.com.br\/portal\/index.php\/wp-json\/wp\/v2\/posts\/14461\/revisions"}],"predecessor-version":[{"id":14463,"href":"https:\/\/dgospel.com.br\/portal\/index.php\/wp-json\/wp\/v2\/posts\/14461\/revisions\/14463"}],"wp:featuredmedia":[{"embeddable":true,"href":"https:\/\/dgospel.com.br\/portal\/index.php\/wp-json\/wp\/v2\/media\/14462"}],"wp:attachment":[{"href":"https:\/\/dgospel.com.br\/portal\/index.php\/wp-json\/wp\/v2\/media?parent=14461"}],"wp:term":[{"taxonomy":"category","embeddable":true,"href":"https:\/\/dgospel.com.br\/portal\/index.php\/wp-json\/wp\/v2\/categories?post=14461"},{"taxonomy":"post_tag","embeddable":true,"href":"https:\/\/dgospel.com.br\/portal\/index.php\/wp-json\/wp\/v2\/tags?post=14461"}],"curies":[{"name":"wp","href":"https:\/\/api.w.org\/{rel}","templated":true}]}}