{"id":14464,"date":"2023-01-26T11:17:10","date_gmt":"2023-01-26T14:17:10","guid":{"rendered":"http:\/\/dgospel.com.br\/portal\/?p=14464"},"modified":"2023-01-26T11:17:11","modified_gmt":"2023-01-26T14:17:11","slug":"deputado-aciona-pgr-contra-uso-da-linguagem-neutra-pela-ebc","status":"publish","type":"post","link":"https:\/\/dgospel.com.br\/portal\/index.php\/2023\/01\/26\/deputado-aciona-pgr-contra-uso-da-linguagem-neutra-pela-ebc\/","title":{"rendered":"Deputado aciona PGR contra uso da linguagem neutra pela EBC"},"content":{"rendered":"\n<p>O deputado federal Jos\u00e9 Medeiros (PL-MT) encaminhou um of\u00edcio \u00e0 Procuradoria-Geral da Rep\u00fablica (PGR) contra o uso da linguagem neutra adotada pela Ag\u00eancia Brasil em uma reportagem publicada no s\u00e1bado (21).<\/p>\n\n\n\n<p>Medeiros diz que o uso do termo \u201celeite\u201d para falar sobre os parlamentares eleitos \u00e9 prejudicial para a forma\u00e7\u00e3o escolar.<\/p>\n\n\n\n<p>\u2013 Tal linguagem agride a l\u00edngua portuguesa e abole os g\u00eaneros masculino e feminino, fundamental para forma\u00e7\u00e3o da fam\u00edlia e desenvolvimento das crian\u00e7as e adolescentes em bases biol\u00f3gicas e n\u00e3o ideologizadas \u2013 argumenta.<\/p>\n\n\n\n<p>Medeiros afirma ainda que o uso da linguagem neutra \u00e9 \u201cincorreta\u201d, \u201ctendenciosa\u201d e que \u00e9 uma \u201cfal\u00e1cia proposital e maliciosa\u201d.<\/p>\n\n\n\n<p>Outro ponto apresentado pelo parlamentar \u00e9 que o g\u00eanero neutro \u201crefor\u00e7a sub-repticiamente estere\u00f3tipos acerca de uma pretensa incorre\u00e7\u00e3o ou inexist\u00eancia de g\u00eaneros masculino e feminino\u201d e, para ele, \u201cn\u00e3o \u00e9 papel do Governo nem do Estado\u201d.<\/p>\n","protected":false},"excerpt":{"rendered":"<p>O deputado federal Jos\u00e9 Medeiros (PL-MT) encaminhou um of\u00edcio \u00e0 Procuradoria-Geral da Rep\u00fablica (PGR) contra o uso da linguagem neutra adotada pela Ag\u00eancia Brasil em uma reportagem publicada no s\u00e1bado (21). Medeiros diz que o uso do termo \u201celeite\u201d para falar sobre os parlamentares eleitos \u00e9 prejudicial para a forma\u00e7\u00e3o escolar. \u2013 Tal linguagem agride [&hellip;]<\/p>\n","protected":false},"author":2,"featured_media":14465,"comment_status":"open","ping_status":"open","sticky":false,"template":"","format":"standard","meta":[],"categories":[8],"tags":[],"_links":{"self":[{"href":"https:\/\/dgospel.com.br\/portal\/index.php\/wp-json\/wp\/v2\/posts\/14464"}],"collection":[{"href":"https:\/\/dgospel.com.br\/portal\/index.php\/wp-json\/wp\/v2\/posts"}],"about":[{"href":"https:\/\/dgospel.com.br\/portal\/index.php\/wp-json\/wp\/v2\/types\/post"}],"author":[{"embeddable":true,"href":"https:\/\/dgospel.com.br\/portal\/index.php\/wp-json\/wp\/v2\/users\/2"}],"replies":[{"embeddable":true,"href":"https:\/\/dgospel.com.br\/portal\/index.php\/wp-json\/wp\/v2\/comments?post=14464"}],"version-history":[{"count":1,"href":"https:\/\/dgospel.com.br\/portal\/index.php\/wp-json\/wp\/v2\/posts\/14464\/revisions"}],"predecessor-version":[{"id":14466,"href":"https:\/\/dgospel.com.br\/portal\/index.php\/wp-json\/wp\/v2\/posts\/14464\/revisions\/14466"}],"wp:featuredmedia":[{"embeddable":true,"href":"https:\/\/dgospel.com.br\/portal\/index.php\/wp-json\/wp\/v2\/media\/14465"}],"wp:attachment":[{"href":"https:\/\/dgospel.com.br\/portal\/index.php\/wp-json\/wp\/v2\/media?parent=14464"}],"wp:term":[{"taxonomy":"category","embeddable":true,"href":"https:\/\/dgospel.com.br\/portal\/index.php\/wp-json\/wp\/v2\/categories?post=14464"},{"taxonomy":"post_tag","embeddable":true,"href":"https:\/\/dgospel.com.br\/portal\/index.php\/wp-json\/wp\/v2\/tags?post=14464"}],"curies":[{"name":"wp","href":"https:\/\/api.w.org\/{rel}","templated":true}]}}