{"id":14467,"date":"2023-01-26T16:47:58","date_gmt":"2023-01-26T19:47:58","guid":{"rendered":"http:\/\/dgospel.com.br\/portal\/?p=14467"},"modified":"2023-01-26T16:47:59","modified_gmt":"2023-01-26T19:47:59","slug":"deputado-entra-com-pedido-de-impeachment-contra-lula","status":"publish","type":"post","link":"https:\/\/dgospel.com.br\/portal\/index.php\/2023\/01\/26\/deputado-entra-com-pedido-de-impeachment-contra-lula\/","title":{"rendered":"Deputado entra com pedido de impeachment contra Lula"},"content":{"rendered":"\n<p>Nesta quinta-feira (26), o deputado federal Ubiratan Sanderson (PL-RS), em uma publica\u00e7\u00e3o conjunta com o tamb\u00e9m deputado federal Eduardo Bolsonaro (PL-SP), divulgou nas redes sociais o pedido de impeachment contra o presidente, Luiz In\u00e1cio Lula da Silva (PT).<\/p>\n\n\n\n<p>Os parlamentares acreditam que Lula executou crime de responsabilidade ao afirmar que a ex-presidente Dilma Rousseff (PT) sofreu um golpe de Estado em 2016. A afirmativa do chefe do Executivo se deu em uma agenda oficial do governo na Argentina.<\/p>\n\n\n\n<p>\u2013 Voc\u00eas sabem que depois de um momento auspicioso no Brasil, quando governamos de 2003 a 2016, houve um golpe de Estado e derrubou a companheira Dilma Rousseff, a primeira mulher eleita presidente da Rep\u00fablica no Brasil \u2013 declarou Lula.<\/p>\n\n\n\n<p>De acordo com a publica\u00e7\u00e3o realizada nesta quinta, os parlamentares consentem que o acontecimento \u00e9 suficiente para abertura do afastamento do presidente.<\/p>\n\n\n\n<p>\u2013 Ao afirmar em discurso oficial e p\u00fablico que o impeachment de Dilma Rousseff foi um golpe de Estado, Lula atenta contra os Poderes, C\u00e2mara e Senado, bem como contra a Constitui\u00e7\u00e3o Federal, situa\u00e7\u00e3o que por si s\u00f3 imp\u00f5e a abertura de impeachment pela flagrante pr\u00e1tica de crime de responsabilidade \u2013 comunicaram.<\/p>\n\n\n\n<figure class=\"wp-block-image\"><img src=\"https:\/\/static.cdn.pleno.news\/2023\/01\/Impeachment-1024x684.jpg\" alt=\"impeachment Lula\" class=\"wp-image-1079745\"\/><figcaption>impeachment&nbsp;Foto: Reprodu\u00e7\u00e3o\/Redes Sociais<\/figcaption><\/figure>\n","protected":false},"excerpt":{"rendered":"<p>Nesta quinta-feira (26), o deputado federal Ubiratan Sanderson (PL-RS), em uma publica\u00e7\u00e3o conjunta com o tamb\u00e9m deputado federal Eduardo Bolsonaro (PL-SP), divulgou nas redes sociais o pedido de impeachment contra o presidente, Luiz In\u00e1cio Lula da Silva (PT). Os parlamentares acreditam que Lula executou crime de responsabilidade ao afirmar que a ex-presidente Dilma Rousseff (PT) [&hellip;]<\/p>\n","protected":false},"author":2,"featured_media":14468,"comment_status":"open","ping_status":"open","sticky":false,"template":"","format":"standard","meta":[],"categories":[8],"tags":[],"_links":{"self":[{"href":"https:\/\/dgospel.com.br\/portal\/index.php\/wp-json\/wp\/v2\/posts\/14467"}],"collection":[{"href":"https:\/\/dgospel.com.br\/portal\/index.php\/wp-json\/wp\/v2\/posts"}],"about":[{"href":"https:\/\/dgospel.com.br\/portal\/index.php\/wp-json\/wp\/v2\/types\/post"}],"author":[{"embeddable":true,"href":"https:\/\/dgospel.com.br\/portal\/index.php\/wp-json\/wp\/v2\/users\/2"}],"replies":[{"embeddable":true,"href":"https:\/\/dgospel.com.br\/portal\/index.php\/wp-json\/wp\/v2\/comments?post=14467"}],"version-history":[{"count":1,"href":"https:\/\/dgospel.com.br\/portal\/index.php\/wp-json\/wp\/v2\/posts\/14467\/revisions"}],"predecessor-version":[{"id":14469,"href":"https:\/\/dgospel.com.br\/portal\/index.php\/wp-json\/wp\/v2\/posts\/14467\/revisions\/14469"}],"wp:featuredmedia":[{"embeddable":true,"href":"https:\/\/dgospel.com.br\/portal\/index.php\/wp-json\/wp\/v2\/media\/14468"}],"wp:attachment":[{"href":"https:\/\/dgospel.com.br\/portal\/index.php\/wp-json\/wp\/v2\/media?parent=14467"}],"wp:term":[{"taxonomy":"category","embeddable":true,"href":"https:\/\/dgospel.com.br\/portal\/index.php\/wp-json\/wp\/v2\/categories?post=14467"},{"taxonomy":"post_tag","embeddable":true,"href":"https:\/\/dgospel.com.br\/portal\/index.php\/wp-json\/wp\/v2\/tags?post=14467"}],"curies":[{"name":"wp","href":"https:\/\/api.w.org\/{rel}","templated":true}]}}