{"id":14470,"date":"2023-01-26T16:53:18","date_gmt":"2023-01-26T19:53:18","guid":{"rendered":"http:\/\/dgospel.com.br\/portal\/?p=14470"},"modified":"2023-01-26T16:53:20","modified_gmt":"2023-01-26T19:53:20","slug":"lula-presta-um-desservico-a-democracia-diz-juan-guaido","status":"publish","type":"post","link":"https:\/\/dgospel.com.br\/portal\/index.php\/2023\/01\/26\/lula-presta-um-desservico-a-democracia-diz-juan-guaido\/","title":{"rendered":"\u2018Lula presta um desservi\u00e7o \u00e0 democracia\u2019, diz Juan Guaid\u00f3"},"content":{"rendered":"\n<p>Juan Guaid\u00f3, l\u00edder da oposi\u00e7\u00e3o ao regime ditatorial na Venezuela, declarou que o presidente Lula (PT) da Silva presta um grande desservi\u00e7o \u00e0 democracia por n\u00e3o posicionar contra as viola\u00e7\u00f5es de direitos humanos cometidas por Nicol\u00e1s Maduro. A afirma\u00e7\u00e3o aconteceu durante entrevista ao jornal O Globo.<\/p>\n\n\n\n<p>\u201cO presidente Lula presta um grande desservi\u00e7o \u00e0 democracia ao n\u00e3o se posicionar frontalmente em defesa dos direitos humanos e, por consequ\u00eancia, da democracia. Se o ataque ao Parlamento brasileiro \u00e9 deplor\u00e1vel, o ataque ao Congresso venezuelano por parte de Maduro tamb\u00e9m \u00e9 deplor\u00e1vel\u201d, disse Guaid\u00f3, ex-presidente interino da Venezuela.<\/p>\n\n\n\n<p>A fala de Guaid\u00f3 acontece logo ap\u00f3s Lula reconhecer Nicol\u00e1s Maduro como presidente da Venezuela e reestabelecer as rela\u00e7\u00f5es diplom\u00e1ticas com o pa\u00eds. Durante o governo de Jair Bolsonaro, a embaixada do Brasil em Caracas foi fechada quando o mandat\u00e1rio brasileiro declarou n\u00e3o reconhecer Maduro como um presidente.<\/p>\n\n\n\n<p>No entendimento de Guaid\u00f3, Lula invisibiliza a viola\u00e7\u00e3o dos direitos humanos que imigrantes e refugiados vem sofrendo constantemente do pa\u00eds. \u201cUm presidente com 24 dias de governo que minimiza ou n\u00e3o se pronuncia sobre a crise humanit\u00e1ria mais severa j\u00e1 vista no continente, pior do que em na\u00e7\u00f5es que vivem guerras, como a S\u00edria e a Ucr\u00e2nia, n\u00e3o entende a Venezuela. N\u00e3o \u00e9 \u00e0 toa que Maduro \u00e9 acusado de crimes contra a humanidade\u201d, disse Guaid\u00f3.<\/p>\n","protected":false},"excerpt":{"rendered":"<p>Juan Guaid\u00f3, l\u00edder da oposi\u00e7\u00e3o ao regime ditatorial na Venezuela, declarou que o presidente Lula (PT) da Silva presta um grande desservi\u00e7o \u00e0 democracia por n\u00e3o posicionar contra as viola\u00e7\u00f5es de direitos humanos cometidas por Nicol\u00e1s Maduro. A afirma\u00e7\u00e3o aconteceu durante entrevista ao jornal O Globo. \u201cO presidente Lula presta um grande desservi\u00e7o \u00e0 democracia [&hellip;]<\/p>\n","protected":false},"author":2,"featured_media":14471,"comment_status":"open","ping_status":"open","sticky":false,"template":"","format":"standard","meta":[],"categories":[4],"tags":[],"_links":{"self":[{"href":"https:\/\/dgospel.com.br\/portal\/index.php\/wp-json\/wp\/v2\/posts\/14470"}],"collection":[{"href":"https:\/\/dgospel.com.br\/portal\/index.php\/wp-json\/wp\/v2\/posts"}],"about":[{"href":"https:\/\/dgospel.com.br\/portal\/index.php\/wp-json\/wp\/v2\/types\/post"}],"author":[{"embeddable":true,"href":"https:\/\/dgospel.com.br\/portal\/index.php\/wp-json\/wp\/v2\/users\/2"}],"replies":[{"embeddable":true,"href":"https:\/\/dgospel.com.br\/portal\/index.php\/wp-json\/wp\/v2\/comments?post=14470"}],"version-history":[{"count":1,"href":"https:\/\/dgospel.com.br\/portal\/index.php\/wp-json\/wp\/v2\/posts\/14470\/revisions"}],"predecessor-version":[{"id":14472,"href":"https:\/\/dgospel.com.br\/portal\/index.php\/wp-json\/wp\/v2\/posts\/14470\/revisions\/14472"}],"wp:featuredmedia":[{"embeddable":true,"href":"https:\/\/dgospel.com.br\/portal\/index.php\/wp-json\/wp\/v2\/media\/14471"}],"wp:attachment":[{"href":"https:\/\/dgospel.com.br\/portal\/index.php\/wp-json\/wp\/v2\/media?parent=14470"}],"wp:term":[{"taxonomy":"category","embeddable":true,"href":"https:\/\/dgospel.com.br\/portal\/index.php\/wp-json\/wp\/v2\/categories?post=14470"},{"taxonomy":"post_tag","embeddable":true,"href":"https:\/\/dgospel.com.br\/portal\/index.php\/wp-json\/wp\/v2\/tags?post=14470"}],"curies":[{"name":"wp","href":"https:\/\/api.w.org\/{rel}","templated":true}]}}