{"id":14476,"date":"2023-01-26T17:00:28","date_gmt":"2023-01-26T20:00:28","guid":{"rendered":"http:\/\/dgospel.com.br\/portal\/?p=14476"},"modified":"2023-01-26T17:00:29","modified_gmt":"2023-01-26T20:00:29","slug":"temer-refuta-lula-apos-ataques-do-petista-golpe-de-sorte","status":"publish","type":"post","link":"https:\/\/dgospel.com.br\/portal\/index.php\/2023\/01\/26\/temer-refuta-lula-apos-ataques-do-petista-golpe-de-sorte\/","title":{"rendered":"Temer refuta Lula ap\u00f3s ataques do petista: \u201cGolpe de sorte\u201d"},"content":{"rendered":"\n<p>Nesta quarta-feira (25), o ex-presidente Michel Temer decidiu rebater ataques feitos contra ele pelo presidente Luiz In\u00e1cio Lula da Silva. Mais cedo, o&nbsp;<a href=\"https:\/\/pleno.news\/brasil\/politica-nacional\/no-uruguai-lula-polemiza-e-chama-temer-de-golpista.html\">petista voltou a chamar Temer de golpista<\/a>&nbsp;ao falar sobre o impeachment da ex-presidente Dilma Rousseff.<\/p>\n\n\n\n<p>A declara\u00e7\u00e3o foi dada por Lula durante viagem ao Uruguai. Na ocasi\u00e3o, Lula disse que herdou um Brasil \u201csemidestru\u00eddo\u201d ap\u00f3s os governos de Temer e de Jair Bolsonaro.<\/p>\n\n\n\n<p>Temer, no entanto, rebateu a fala e explicou que \u201co pa\u00eds n\u00e3o foi v\u00edtima de golpe algum\u201d. O ex-presidente citou dados econ\u00f4micos ao sair do governo e ainda alfinetou o petista.<\/p>\n\n\n\n<p>\u2013 Como se v\u00ea, com a nossa chegada ao governo o Brasil n\u00e3o sofreu um golpe institucional, foi sim \u201cv\u00edtima\u201d de um golpe de sorte \u2013 ressaltou.<\/p>\n\n\n\n<p><strong>Leia o que disse o ex-presidente:<br><\/strong><em>Mesmo tendo vencido as elei\u00e7\u00f5es para cuidar do futuro do Brasil, o presidente Lu\u00eds In\u00e1cio Lula da Silva parece insistir em manter os p\u00e9s no palanque e os olhos no retrovisor, agora tentando reescrever a hist\u00f3ria por meio de narrativas ideol\u00f3gicas.<\/em><\/p>\n\n\n\n<p><em>Ao contr\u00e1rio do que ele disse hoje em evento internacional, o pa\u00eds n\u00e3o foi v\u00edtima de golpe algum. Foi na verdade aplicada a pena prevista para quem infringe a Constitui\u00e7\u00e3o.<\/em><\/p>\n\n\n\n<p><em>E sobre ele ter dito que destru\u00ed as iniciativas petistas em apenas dois anos e meio de governo, \u00e9 verdade: destru\u00ed um PIB negativo de 5% para positivo de 1,8%; infla\u00e7\u00e3o de dois d\u00edgitos para 2,75%; juros de 14,25 para 6,5%; queda do desemprego ao longo do tempo de 13% para 8% gra\u00e7as a reforma trabalhista; recupera\u00e7\u00e3o da Petrobras e demais estatais gra\u00e7as a Lei das Estatais; destru\u00ed a Bolsa de Valores que cresceu de 45 mil pontos para 85 mil pontos.<\/em><\/p>\n\n\n\n<p><em>Cometi a destrui\u00e7\u00e3o de elevar o recorde na produ\u00e7\u00e3o de gr\u00e3os, nas exporta\u00e7\u00f5es e na balan\u00e7a comercial. Como se v\u00ea, com a nossa chegada ao governo o Brasil n\u00e3o sofreu um golpe institucional, foi sim \u201cv\u00edtima\u201d de um Golpe de Sorte.<\/em><\/p>\n\n\n\n<p><em>Recomendo ao presidente Lula que governe olhando para a frente, defendendo a verdade, praticando a harmonia e pregando a paz.<\/em><\/p>\n\n\n\n<figure class=\"wp-block-image\"><img src=\"https:\/\/static.cdn.pleno.news\/2023\/01\/Screenshot_173.png\" alt=\"\" class=\"wp-image-1079409\"\/><\/figure>\n\n\n\n<figure class=\"wp-block-image\"><img src=\"https:\/\/static.cdn.pleno.news\/2023\/01\/Screenshot_174.png\" alt=\"\" class=\"wp-image-1079410\"\/><\/figure>\n","protected":false},"excerpt":{"rendered":"<p>Nesta quarta-feira (25), o ex-presidente Michel Temer decidiu rebater ataques feitos contra ele pelo presidente Luiz In\u00e1cio Lula da Silva. Mais cedo, o&nbsp;petista voltou a chamar Temer de golpista&nbsp;ao falar sobre o impeachment da ex-presidente Dilma Rousseff. A declara\u00e7\u00e3o foi dada por Lula durante viagem ao Uruguai. Na ocasi\u00e3o, Lula disse que herdou um Brasil [&hellip;]<\/p>\n","protected":false},"author":2,"featured_media":14477,"comment_status":"open","ping_status":"open","sticky":false,"template":"","format":"standard","meta":[],"categories":[4],"tags":[],"_links":{"self":[{"href":"https:\/\/dgospel.com.br\/portal\/index.php\/wp-json\/wp\/v2\/posts\/14476"}],"collection":[{"href":"https:\/\/dgospel.com.br\/portal\/index.php\/wp-json\/wp\/v2\/posts"}],"about":[{"href":"https:\/\/dgospel.com.br\/portal\/index.php\/wp-json\/wp\/v2\/types\/post"}],"author":[{"embeddable":true,"href":"https:\/\/dgospel.com.br\/portal\/index.php\/wp-json\/wp\/v2\/users\/2"}],"replies":[{"embeddable":true,"href":"https:\/\/dgospel.com.br\/portal\/index.php\/wp-json\/wp\/v2\/comments?post=14476"}],"version-history":[{"count":1,"href":"https:\/\/dgospel.com.br\/portal\/index.php\/wp-json\/wp\/v2\/posts\/14476\/revisions"}],"predecessor-version":[{"id":14478,"href":"https:\/\/dgospel.com.br\/portal\/index.php\/wp-json\/wp\/v2\/posts\/14476\/revisions\/14478"}],"wp:featuredmedia":[{"embeddable":true,"href":"https:\/\/dgospel.com.br\/portal\/index.php\/wp-json\/wp\/v2\/media\/14477"}],"wp:attachment":[{"href":"https:\/\/dgospel.com.br\/portal\/index.php\/wp-json\/wp\/v2\/media?parent=14476"}],"wp:term":[{"taxonomy":"category","embeddable":true,"href":"https:\/\/dgospel.com.br\/portal\/index.php\/wp-json\/wp\/v2\/categories?post=14476"},{"taxonomy":"post_tag","embeddable":true,"href":"https:\/\/dgospel.com.br\/portal\/index.php\/wp-json\/wp\/v2\/tags?post=14476"}],"curies":[{"name":"wp","href":"https:\/\/api.w.org\/{rel}","templated":true}]}}