{"id":14479,"date":"2023-01-26T17:01:58","date_gmt":"2023-01-26T20:01:58","guid":{"rendered":"http:\/\/dgospel.com.br\/portal\/?p=14479"},"modified":"2023-01-26T17:01:59","modified_gmt":"2023-01-26T20:01:59","slug":"psdb-reage-a-fala-de-lula-sobre-golpe-discurso-extremista","status":"publish","type":"post","link":"https:\/\/dgospel.com.br\/portal\/index.php\/2023\/01\/26\/psdb-reage-a-fala-de-lula-sobre-golpe-discurso-extremista\/","title":{"rendered":"PSDB reage a fala de Lula sobre \u201cgolpe\u201d: Discurso extremista"},"content":{"rendered":"\n<p>Nesta quarta-feira (25), o PSDB voltou a defender que chamar o impeachment de Dilma Rousseff (PT) de \u201cgolpe\u201d \u00e9 um discurso \u201cextremista\u201d. O partido se manifestou ap\u00f3s Lula (PT) ter chamado o ex-presidente Michel Temer (MDB) de \u201cgolpista\u201d, durante viagem ao Uruguai, na quarta-feira.<\/p>\n\n\n\n<p>\u2013 Infelizmente, \u00e9 preciso repetir. Quem chama o impeachment de Dilma de golpe ataca a democracia no Brasil, o Congresso e o STF. \u00c9 um discurso extremista e incentiva o ataque a institui\u00e7\u00f5es \u2013 destacou o PSDB, no Twitter.<\/p>\n\n\n\n<p>A&nbsp;<a href=\"https:\/\/pleno.news\/brasil\/politica-nacional\/no-uruguai-lula-polemiza-e-chama-temer-de-golpista.html\" target=\"_blank\" rel=\"noreferrer noopener\">acusa\u00e7\u00e3o<\/a>&nbsp;de Lula contra Temer ocorreu ap\u00f3s uma reuni\u00e3o com o presidente uruguaio, Luis Alberto Lacalle Pou, em Montevid\u00e9u. Antes, na Argentina, o petista j\u00e1 havia declarado que Dilma sofreu, em 2016, um \u201cgolpe de Estado\u201d. Al\u00e9m disso, o&nbsp;<a href=\"https:\/\/pleno.news\/brasil\/politica-nacional\/site-oficial-do-governo-chama-de-golpe-impeachment-de-dilma.html\" target=\"_blank\" rel=\"noreferrer noopener\">site<\/a>&nbsp;oficial da Empresa Brasil de Comunica\u00e7\u00e3o (EBC), do governo federal, mais precisamente no texto de apresenta\u00e7\u00e3o da nova presidente da Casa, adjetivou o processo de impeachment de Dilma como \u201cgolpe\u201d.<\/p>\n\n\n\n<p>Por causa do conte\u00fado da EBC, o PSDB ressaltou, no \u00faltimo dia 18, que chamar impeachment de \u201cgolpe\u201d \u00e9 um discurso \u201cextremista\u201d.<\/p>\n\n\n\n<figure class=\"wp-block-image\"><img src=\"https:\/\/static.cdn.pleno.news\/2023\/01\/Screenshot-2023-01-26T130235.688.png\" alt=\"\" class=\"wp-image-1079719\"\/><\/figure>\n","protected":false},"excerpt":{"rendered":"<p>Nesta quarta-feira (25), o PSDB voltou a defender que chamar o impeachment de Dilma Rousseff (PT) de \u201cgolpe\u201d \u00e9 um discurso \u201cextremista\u201d. O partido se manifestou ap\u00f3s Lula (PT) ter chamado o ex-presidente Michel Temer (MDB) de \u201cgolpista\u201d, durante viagem ao Uruguai, na quarta-feira. \u2013 Infelizmente, \u00e9 preciso repetir. Quem chama o impeachment de Dilma [&hellip;]<\/p>\n","protected":false},"author":2,"featured_media":14480,"comment_status":"open","ping_status":"open","sticky":false,"template":"","format":"standard","meta":[],"categories":[4],"tags":[],"_links":{"self":[{"href":"https:\/\/dgospel.com.br\/portal\/index.php\/wp-json\/wp\/v2\/posts\/14479"}],"collection":[{"href":"https:\/\/dgospel.com.br\/portal\/index.php\/wp-json\/wp\/v2\/posts"}],"about":[{"href":"https:\/\/dgospel.com.br\/portal\/index.php\/wp-json\/wp\/v2\/types\/post"}],"author":[{"embeddable":true,"href":"https:\/\/dgospel.com.br\/portal\/index.php\/wp-json\/wp\/v2\/users\/2"}],"replies":[{"embeddable":true,"href":"https:\/\/dgospel.com.br\/portal\/index.php\/wp-json\/wp\/v2\/comments?post=14479"}],"version-history":[{"count":1,"href":"https:\/\/dgospel.com.br\/portal\/index.php\/wp-json\/wp\/v2\/posts\/14479\/revisions"}],"predecessor-version":[{"id":14481,"href":"https:\/\/dgospel.com.br\/portal\/index.php\/wp-json\/wp\/v2\/posts\/14479\/revisions\/14481"}],"wp:featuredmedia":[{"embeddable":true,"href":"https:\/\/dgospel.com.br\/portal\/index.php\/wp-json\/wp\/v2\/media\/14480"}],"wp:attachment":[{"href":"https:\/\/dgospel.com.br\/portal\/index.php\/wp-json\/wp\/v2\/media?parent=14479"}],"wp:term":[{"taxonomy":"category","embeddable":true,"href":"https:\/\/dgospel.com.br\/portal\/index.php\/wp-json\/wp\/v2\/categories?post=14479"},{"taxonomy":"post_tag","embeddable":true,"href":"https:\/\/dgospel.com.br\/portal\/index.php\/wp-json\/wp\/v2\/tags?post=14479"}],"curies":[{"name":"wp","href":"https:\/\/api.w.org\/{rel}","templated":true}]}}