{"id":14482,"date":"2023-01-26T23:20:13","date_gmt":"2023-01-27T02:20:13","guid":{"rendered":"http:\/\/dgospel.com.br\/portal\/?p=14482"},"modified":"2023-01-26T23:20:14","modified_gmt":"2023-01-27T02:20:14","slug":"vereador-rubens-uchoa-solicita-ao-poder-executivo-que-providencie-com-urgencia-o-recapeamento-da-rua-t2-em-taquaralto","status":"publish","type":"post","link":"https:\/\/dgospel.com.br\/portal\/index.php\/2023\/01\/26\/vereador-rubens-uchoa-solicita-ao-poder-executivo-que-providencie-com-urgencia-o-recapeamento-da-rua-t2-em-taquaralto\/","title":{"rendered":"Vereador Rubens Uchoa solicita ao Poder Executivo que providencie com urg\u00eancia o recapeamento da Rua T2 em Taquaralto"},"content":{"rendered":"\n<p>O vereador Rubens Uchoa apresentou um requerimento solicitando que o Poder Executivo, atrav\u00e9s da Secretaria Municipal de Infraestrutura e Servi\u00e7os P\u00fablicos de Palmas, providencie com urg\u00eancia o recapeamento da Rua T2 em Taquaralto.<\/p>\n\n\n\n<p>De acordo com o parlamentar, a presente solicita\u00e7\u00e3o se d\u00e1 em decorr\u00eancia da grande quantidade de buracos e desgastes em que se encontra referido a rua.<\/p>\n\n\n\n<p>Rubens Uchoa justifica ainda, que &nbsp;as condi\u00e7\u00f5es atuais favorecem danos aos ve\u00edculos e coloca em risco os pedestres que por ali trafegam.<\/p>\n","protected":false},"excerpt":{"rendered":"<p>O vereador Rubens Uchoa apresentou um requerimento solicitando que o Poder Executivo, atrav\u00e9s da Secretaria Municipal de Infraestrutura e Servi\u00e7os P\u00fablicos de Palmas, providencie com urg\u00eancia o recapeamento da Rua T2 em Taquaralto. De acordo com o parlamentar, a presente solicita\u00e7\u00e3o se d\u00e1 em decorr\u00eancia da grande quantidade de buracos e desgastes em que se [&hellip;]<\/p>\n","protected":false},"author":2,"featured_media":14483,"comment_status":"open","ping_status":"open","sticky":false,"template":"","format":"standard","meta":[],"categories":[8],"tags":[],"_links":{"self":[{"href":"https:\/\/dgospel.com.br\/portal\/index.php\/wp-json\/wp\/v2\/posts\/14482"}],"collection":[{"href":"https:\/\/dgospel.com.br\/portal\/index.php\/wp-json\/wp\/v2\/posts"}],"about":[{"href":"https:\/\/dgospel.com.br\/portal\/index.php\/wp-json\/wp\/v2\/types\/post"}],"author":[{"embeddable":true,"href":"https:\/\/dgospel.com.br\/portal\/index.php\/wp-json\/wp\/v2\/users\/2"}],"replies":[{"embeddable":true,"href":"https:\/\/dgospel.com.br\/portal\/index.php\/wp-json\/wp\/v2\/comments?post=14482"}],"version-history":[{"count":1,"href":"https:\/\/dgospel.com.br\/portal\/index.php\/wp-json\/wp\/v2\/posts\/14482\/revisions"}],"predecessor-version":[{"id":14484,"href":"https:\/\/dgospel.com.br\/portal\/index.php\/wp-json\/wp\/v2\/posts\/14482\/revisions\/14484"}],"wp:featuredmedia":[{"embeddable":true,"href":"https:\/\/dgospel.com.br\/portal\/index.php\/wp-json\/wp\/v2\/media\/14483"}],"wp:attachment":[{"href":"https:\/\/dgospel.com.br\/portal\/index.php\/wp-json\/wp\/v2\/media?parent=14482"}],"wp:term":[{"taxonomy":"category","embeddable":true,"href":"https:\/\/dgospel.com.br\/portal\/index.php\/wp-json\/wp\/v2\/categories?post=14482"},{"taxonomy":"post_tag","embeddable":true,"href":"https:\/\/dgospel.com.br\/portal\/index.php\/wp-json\/wp\/v2\/tags?post=14482"}],"curies":[{"name":"wp","href":"https:\/\/api.w.org\/{rel}","templated":true}]}}