{"id":14488,"date":"2023-01-26T23:33:14","date_gmt":"2023-01-27T02:33:14","guid":{"rendered":"http:\/\/dgospel.com.br\/portal\/?p=14488"},"modified":"2023-01-26T23:33:15","modified_gmt":"2023-01-27T02:33:15","slug":"wanderlei-barbosa-reafirma-parceria-do-governo-do-tocantins-com-o-mpto-durante-posse-do-procurador-geral-de-justica","status":"publish","type":"post","link":"https:\/\/dgospel.com.br\/portal\/index.php\/2023\/01\/26\/wanderlei-barbosa-reafirma-parceria-do-governo-do-tocantins-com-o-mpto-durante-posse-do-procurador-geral-de-justica\/","title":{"rendered":"Wanderlei Barbosa reafirma parceria do Governo do Tocantins com o MPTO durante posse do procurador-geral de Justi\u00e7a"},"content":{"rendered":"\n<p>O governador do Tocantins, Wanderlei Barbosa, participou da posse do procurador-geral de Justi\u00e7a (PGJ), Luciano Casaroti, em cerim\u00f4nia realizada nesta quinta-feira, 26, na sede do Minist\u00e9rio P\u00fablico do Tocantins (MPTO), em Palmas. O evento oficializa a recondu\u00e7\u00e3o do PGJ para o bi\u00eanio 2023-2024, ap\u00f3s reelei\u00e7\u00e3o e nomea\u00e7\u00e3o ocorrida ainda em outubro de 2022.&nbsp;<\/p>\n\n\n\n<p>Durante a posse, o Governador destacou o trabalho realizado pelo PGJ Luciano Casaroti nos \u00faltimos dois anos na condu\u00e7\u00e3o do Minist\u00e9rio P\u00fablico do Tocantins (MPTO). \u201cFico feliz em ver o doutor Luciano Casaroti \u00e0 frente mais uma vez do Minist\u00e9rio P\u00fablico. Temos o \u00f3rg\u00e3o como refer\u00eancia na defesa da cidadania e do processo democr\u00e1tico. Como Governador, tenho a maior honra de assinar a sua recondu\u00e7\u00e3o para o novo bi\u00eanio. Desejo sucesso a todos membros do Minist\u00e9rio P\u00fablico e que o seu trabalho possa ter o mesmo \u00eaxito do \u00faltimo mandato\u201d, discursou Wanderlei Barbosa.<\/p>\n\n\n\n<p>O Governador defendeu o alinhamento dos \u00f3rg\u00e3os estaduais com o MPTO visando melhorar o atendimento da popula\u00e7\u00e3o. \u201cN\u00f3s temos uma rela\u00e7\u00e3o institucional muito forte. O Minist\u00e9rio P\u00fablico \u00e9 o \u00f3rg\u00e3o em que as pessoas depositam confian\u00e7a e eu me coloco \u00e0 disposi\u00e7\u00e3o para fazermos um mandato de parcerias\u201d, finalizou.<\/p>\n\n\n\n<p>Luciano Casaroti agradeceu a confian\u00e7a do Governador e dos membros do Minist\u00e9rio P\u00fablico. \u201cChefiar uma institui\u00e7\u00e3o como Minist\u00e9rio P\u00fablico \u00e9 um grande desafio e responsabilidade. Ap\u00f3s mais de 20 anos como promotor de Justi\u00e7a, voltar a assumir o mais alto cargo da institui\u00e7\u00e3o gera uma expectativa muito grande\u201d, ressaltou.&nbsp;<\/p>\n\n\n\n<p>O PGJ tamb\u00e9m refor\u00e7ou a parceria do Minist\u00e9rio P\u00fablico com o Governo do Tocantins. \u201cSabemos como o Governo do Tocantins \u00e9 compromissado com a institui\u00e7\u00e3o. O governador sempre respeitou o Minist\u00e9rio P\u00fablico. Por isso, somos gratos pela parceria, confian\u00e7a e ajuda do Governo com os nossos trabalhos\u201d, afirmou.&nbsp;<\/p>\n\n\n\n<p><strong>Segundo mandato<\/strong><\/p>\n\n\n\n<p>No ano de 2020, a vit\u00f3ria do ent\u00e3o promotor de Justi\u00e7a Luciano Casaroti para comandar o MPTO, marcou o retorno dos promotores poderem disputar o cargo de PGJ ap\u00f3s mais de 20 anos, per\u00edodo em que somente procuradores usufru\u00edram dessa prerrogativa.&nbsp;<\/p>\n\n\n\n<p><strong>Reelei\u00e7\u00e3o e nomea\u00e7\u00e3o<\/strong><\/p>\n\n\n\n<p>A reelei\u00e7\u00e3o de Luciano Casaroti ocorreu no dia 7 de outubro de 2022, quando o procurador-geral de Justi\u00e7a obteve 97 votos, o que representa 92% dos membros aptos a votar. Na ocasi\u00e3o, ele disputou o pleito como candidato \u00fanico, ap\u00f3s sua primeira gest\u00e3o, no bi\u00eanio 2021-2022. A nomea\u00e7\u00e3o foi publicada no Di\u00e1rio Oficial do Estado (DOE), pelo governador Wanderlei Barbosa, tr\u00eas dias depois, em 10 de outubro.&nbsp;<\/p>\n\n\n\n<p><strong>Homenagem \u00e0s v\u00edtimas de Almas<\/strong><\/p>\n\n\n\n<p>Ainda durante a cerim\u00f4nia, autoridades e demais participantes prestaram condol\u00eancias e homenagearam as v\u00edtimas do tr\u00e1gico acidente ocorrido na noite desta quinta-feira, 25, pr\u00f3ximo a cidade de Almas, com 1 minuto de sil\u00eancio. O acidente causou a morte de 12 pessoas, incluindo uma beb\u00ea de 4 meses e um idoso de 68 anos de idade.<\/p>\n\n\n\n<p><strong>Presen\u00e7as<\/strong><\/p>\n\n\n\n<p>A posse do PGJ foi prestigiada pela prefeita de Palmas, Cinthia Ribeiro; secret\u00e1rios de estados; deputados estaduais e federais; membros do judici\u00e1rio; comandantes militares; e outras autoridades pol\u00edticas e institucionais.<\/p>\n\n\n\n<p><img src=\"https:\/\/central.to.gov.br\/image\/316530?w=670&amp;h=383\"><\/p>\n\n\n\n<p>O Governador destacou o trabalho realizado pelo PGJ Luciano Casaroti nos \u00faltimos dois anos na condu\u00e7\u00e3o do Minist\u00e9rio P\u00fablico do Tocantins &#8211; Antonio Gon\u00e7alves\/Governo do Tocantins\u00a0<\/p>\n\n\n\n<p><img src=\"https:\/\/central.to.gov.br\/image\/316531?w=670&amp;h=383\"><\/p>\n\n\n\n<p>Ainda na cerim\u00f4nia, o Governador defendeu o alinhamento dos \u00f3rg\u00e3os estaduais com o MPTO visando melhorar o atendimento da popula\u00e7\u00e3o &#8211; Antonio Gon\u00e7alves\/Governo do Tocantins<\/p>\n","protected":false},"excerpt":{"rendered":"<p>O governador do Tocantins, Wanderlei Barbosa, participou da posse do procurador-geral de Justi\u00e7a (PGJ), Luciano Casaroti, em cerim\u00f4nia realizada nesta quinta-feira, 26, na sede do Minist\u00e9rio P\u00fablico do Tocantins (MPTO), em Palmas. O evento oficializa a recondu\u00e7\u00e3o do PGJ para o bi\u00eanio 2023-2024, ap\u00f3s reelei\u00e7\u00e3o e nomea\u00e7\u00e3o ocorrida ainda em outubro de 2022.&nbsp; Durante a [&hellip;]<\/p>\n","protected":false},"author":2,"featured_media":14489,"comment_status":"open","ping_status":"open","sticky":false,"template":"","format":"standard","meta":[],"categories":[3],"tags":[13],"_links":{"self":[{"href":"https:\/\/dgospel.com.br\/portal\/index.php\/wp-json\/wp\/v2\/posts\/14488"}],"collection":[{"href":"https:\/\/dgospel.com.br\/portal\/index.php\/wp-json\/wp\/v2\/posts"}],"about":[{"href":"https:\/\/dgospel.com.br\/portal\/index.php\/wp-json\/wp\/v2\/types\/post"}],"author":[{"embeddable":true,"href":"https:\/\/dgospel.com.br\/portal\/index.php\/wp-json\/wp\/v2\/users\/2"}],"replies":[{"embeddable":true,"href":"https:\/\/dgospel.com.br\/portal\/index.php\/wp-json\/wp\/v2\/comments?post=14488"}],"version-history":[{"count":1,"href":"https:\/\/dgospel.com.br\/portal\/index.php\/wp-json\/wp\/v2\/posts\/14488\/revisions"}],"predecessor-version":[{"id":14490,"href":"https:\/\/dgospel.com.br\/portal\/index.php\/wp-json\/wp\/v2\/posts\/14488\/revisions\/14490"}],"wp:featuredmedia":[{"embeddable":true,"href":"https:\/\/dgospel.com.br\/portal\/index.php\/wp-json\/wp\/v2\/media\/14489"}],"wp:attachment":[{"href":"https:\/\/dgospel.com.br\/portal\/index.php\/wp-json\/wp\/v2\/media?parent=14488"}],"wp:term":[{"taxonomy":"category","embeddable":true,"href":"https:\/\/dgospel.com.br\/portal\/index.php\/wp-json\/wp\/v2\/categories?post=14488"},{"taxonomy":"post_tag","embeddable":true,"href":"https:\/\/dgospel.com.br\/portal\/index.php\/wp-json\/wp\/v2\/tags?post=14488"}],"curies":[{"name":"wp","href":"https:\/\/api.w.org\/{rel}","templated":true}]}}