{"id":14491,"date":"2023-01-27T22:56:19","date_gmt":"2023-01-28T01:56:19","guid":{"rendered":"http:\/\/dgospel.com.br\/portal\/?p=14491"},"modified":"2023-01-27T22:56:21","modified_gmt":"2023-01-28T01:56:21","slug":"falta-de-transparencia-lula-poe-em-sigilo-detalhes-da-festa-de-posse","status":"publish","type":"post","link":"https:\/\/dgospel.com.br\/portal\/index.php\/2023\/01\/27\/falta-de-transparencia-lula-poe-em-sigilo-detalhes-da-festa-de-posse\/","title":{"rendered":"Falta de transpar\u00eancia: Lula p\u00f5e em sigilo detalhes da festa de posse"},"content":{"rendered":"\n<p>O governo Lula decidiu impor sigilo sobre as informa\u00e7\u00f5es que reuniram 3,5 mil convidados na festa da posse, em 1\u00ba de janeiro, em Bras\u00edlia, organizada pela primeira-dama, Janja. Para o coquetel no&nbsp;<a href=\"https:\/\/www.gov.br\/mre\/pt-br\" target=\"_blank\" rel=\"noreferrer noopener\"><strong>Itamaraty<\/strong><\/a>, diferentes&nbsp;<em>chefs<\/em>&nbsp;assinaram 26 op\u00e7\u00f5es do card\u00e1pio e quatro de sobremesas. O evento tamb\u00e9m contou com bebidas diversas.<\/p>\n\n\n\n<p>A informa\u00e7\u00e3o foi revelada pela coluna Radar, da revista&nbsp;<em>Veja<\/em>, que fez uma consulta por meio da Lei de Acesso \u00e0 Informa\u00e7\u00e3o. A justificativa oficial da gest\u00e3o de Lula para ocultar os detalhes da festa \u00e9 que as informa\u00e7\u00f5es podem colocar em risco a seguran\u00e7a do presidente, vice e respectivos parentes e filhos. A lista ficar\u00e1 em sigilo por quatro anos.<\/p>\n\n\n\n<p>\u201cN\u00e3o ser\u00e3o atendidos pedidos de informa\u00e7\u00e3o que sejam desarrazoados, isto \u00e9, que se caracterizem pela desconformidade com os interesses p\u00fablicos do Estado em prol da sociedade\u201d, informou o Planalto.<\/p>\n\n\n\n<p>\u201cEm diversos pa\u00edses do mundo, as cerim\u00f4nias de posse presidencial s\u00e3o, tradicionalmente, comemora\u00e7\u00f5es em que as na\u00e7\u00f5es amigas prestam homenagem ao pa\u00eds anfitri\u00e3o, por meio do envio de representantes oficiais. \u00c0s autoridades estrangeiras, juntam-se as mais altas autoridades nacionais e personalidades da vida p\u00fablica local, para participar dos atos oficiais e das festividades correlatas.\u201d<\/p>\n","protected":false},"excerpt":{"rendered":"<p>O governo Lula decidiu impor sigilo sobre as informa\u00e7\u00f5es que reuniram 3,5 mil convidados na festa da posse, em 1\u00ba de janeiro, em Bras\u00edlia, organizada pela primeira-dama, Janja. Para o coquetel no&nbsp;Itamaraty, diferentes&nbsp;chefs&nbsp;assinaram 26 op\u00e7\u00f5es do card\u00e1pio e quatro de sobremesas. O evento tamb\u00e9m contou com bebidas diversas. A informa\u00e7\u00e3o foi revelada pela coluna Radar, [&hellip;]<\/p>\n","protected":false},"author":2,"featured_media":14492,"comment_status":"open","ping_status":"open","sticky":false,"template":"","format":"standard","meta":[],"categories":[4],"tags":[13],"_links":{"self":[{"href":"https:\/\/dgospel.com.br\/portal\/index.php\/wp-json\/wp\/v2\/posts\/14491"}],"collection":[{"href":"https:\/\/dgospel.com.br\/portal\/index.php\/wp-json\/wp\/v2\/posts"}],"about":[{"href":"https:\/\/dgospel.com.br\/portal\/index.php\/wp-json\/wp\/v2\/types\/post"}],"author":[{"embeddable":true,"href":"https:\/\/dgospel.com.br\/portal\/index.php\/wp-json\/wp\/v2\/users\/2"}],"replies":[{"embeddable":true,"href":"https:\/\/dgospel.com.br\/portal\/index.php\/wp-json\/wp\/v2\/comments?post=14491"}],"version-history":[{"count":1,"href":"https:\/\/dgospel.com.br\/portal\/index.php\/wp-json\/wp\/v2\/posts\/14491\/revisions"}],"predecessor-version":[{"id":14493,"href":"https:\/\/dgospel.com.br\/portal\/index.php\/wp-json\/wp\/v2\/posts\/14491\/revisions\/14493"}],"wp:featuredmedia":[{"embeddable":true,"href":"https:\/\/dgospel.com.br\/portal\/index.php\/wp-json\/wp\/v2\/media\/14492"}],"wp:attachment":[{"href":"https:\/\/dgospel.com.br\/portal\/index.php\/wp-json\/wp\/v2\/media?parent=14491"}],"wp:term":[{"taxonomy":"category","embeddable":true,"href":"https:\/\/dgospel.com.br\/portal\/index.php\/wp-json\/wp\/v2\/categories?post=14491"},{"taxonomy":"post_tag","embeddable":true,"href":"https:\/\/dgospel.com.br\/portal\/index.php\/wp-json\/wp\/v2\/tags?post=14491"}],"curies":[{"name":"wp","href":"https:\/\/api.w.org\/{rel}","templated":true}]}}