{"id":14494,"date":"2023-01-27T22:58:58","date_gmt":"2023-01-28T01:58:58","guid":{"rendered":"http:\/\/dgospel.com.br\/portal\/?p=14494"},"modified":"2023-01-27T22:58:59","modified_gmt":"2023-01-28T01:58:59","slug":"moraes-envia-a-pgr-pedido-de-suspensao-da-posse-de-deputados","status":"publish","type":"post","link":"https:\/\/dgospel.com.br\/portal\/index.php\/2023\/01\/27\/moraes-envia-a-pgr-pedido-de-suspensao-da-posse-de-deputados\/","title":{"rendered":"Moraes envia \u00e0 PGR pedido de suspens\u00e3o da posse de deputados"},"content":{"rendered":"\n<p>O ministro Alexandre de Moraes, do Supremo Tribunal Federal (<a href=\"https:\/\/portal.stf.jus.br\/\" target=\"_blank\" rel=\"noreferrer noopener\"><strong>STF<\/strong><\/a>), encaminhou nesta sexta-feira, 27, \u00e0 Procuradoria-Geral da Rep\u00fablica (PGR), um pedido de suspens\u00e3o da posse de 11 deputados federais, que teriam participado dos atos de vandalismo de 8 de janeiro, em Bras\u00edlia. A solicita\u00e7\u00e3o \u00e9 do Grupo Prerrogativas, formado por advogados de esquerda.<\/p>\n\n\n\n<p>O Prerrogativas cita os seguintes parlamentares eleitos: Luiz Ovando (PP-MS), Marcos Pollon (PL-MS), Rodolfo Nogueira (PL-MS), Jo\u00e3o Henrique Catan (PL-MS), Rafael Tavares (PRTB-MS), Carlos Jordy (PL-RJ), Silvia Wai\u00e3pi (PL-AP), Andr\u00e9 Fernandes (PL-CE), Nikolas Ferreira (PL-MG), Sargento Rodrigues (PL-MG) e Walber Virgolino (PL-PB).<\/p>\n\n\n\n<p>Al\u00e9m da suspens\u00e3o da posse, os advogados solicitam que seja determinada a instaura\u00e7\u00e3o de inqu\u00e9rito policial para a apura\u00e7\u00e3o da responsabilidade penal dos deputados eleitos.<\/p>\n\n\n\n<p>O ministro deu prazo de 24 horas para que a PGR se manifeste. A posse dos deputados est\u00e1 marcada para quarta-feira 1\u00ba.<\/p>\n","protected":false},"excerpt":{"rendered":"<p>O ministro Alexandre de Moraes, do Supremo Tribunal Federal (STF), encaminhou nesta sexta-feira, 27, \u00e0 Procuradoria-Geral da Rep\u00fablica (PGR), um pedido de suspens\u00e3o da posse de 11 deputados federais, que teriam participado dos atos de vandalismo de 8 de janeiro, em Bras\u00edlia. A solicita\u00e7\u00e3o \u00e9 do Grupo Prerrogativas, formado por advogados de esquerda. O Prerrogativas [&hellip;]<\/p>\n","protected":false},"author":2,"featured_media":14495,"comment_status":"open","ping_status":"open","sticky":false,"template":"","format":"standard","meta":[],"categories":[10],"tags":[],"_links":{"self":[{"href":"https:\/\/dgospel.com.br\/portal\/index.php\/wp-json\/wp\/v2\/posts\/14494"}],"collection":[{"href":"https:\/\/dgospel.com.br\/portal\/index.php\/wp-json\/wp\/v2\/posts"}],"about":[{"href":"https:\/\/dgospel.com.br\/portal\/index.php\/wp-json\/wp\/v2\/types\/post"}],"author":[{"embeddable":true,"href":"https:\/\/dgospel.com.br\/portal\/index.php\/wp-json\/wp\/v2\/users\/2"}],"replies":[{"embeddable":true,"href":"https:\/\/dgospel.com.br\/portal\/index.php\/wp-json\/wp\/v2\/comments?post=14494"}],"version-history":[{"count":1,"href":"https:\/\/dgospel.com.br\/portal\/index.php\/wp-json\/wp\/v2\/posts\/14494\/revisions"}],"predecessor-version":[{"id":14496,"href":"https:\/\/dgospel.com.br\/portal\/index.php\/wp-json\/wp\/v2\/posts\/14494\/revisions\/14496"}],"wp:featuredmedia":[{"embeddable":true,"href":"https:\/\/dgospel.com.br\/portal\/index.php\/wp-json\/wp\/v2\/media\/14495"}],"wp:attachment":[{"href":"https:\/\/dgospel.com.br\/portal\/index.php\/wp-json\/wp\/v2\/media?parent=14494"}],"wp:term":[{"taxonomy":"category","embeddable":true,"href":"https:\/\/dgospel.com.br\/portal\/index.php\/wp-json\/wp\/v2\/categories?post=14494"},{"taxonomy":"post_tag","embeddable":true,"href":"https:\/\/dgospel.com.br\/portal\/index.php\/wp-json\/wp\/v2\/tags?post=14494"}],"curies":[{"name":"wp","href":"https:\/\/api.w.org\/{rel}","templated":true}]}}