{"id":14497,"date":"2023-01-27T23:03:07","date_gmt":"2023-01-28T02:03:07","guid":{"rendered":"http:\/\/dgospel.com.br\/portal\/?p=14497"},"modified":"2023-01-27T23:03:08","modified_gmt":"2023-01-28T02:03:08","slug":"valdemar-sobre-2026-se-nao-tiver-bolsonaro-tem-michelle","status":"publish","type":"post","link":"https:\/\/dgospel.com.br\/portal\/index.php\/2023\/01\/27\/valdemar-sobre-2026-se-nao-tiver-bolsonaro-tem-michelle\/","title":{"rendered":"Valdemar sobre 2026: \u201cSe n\u00e3o tiver Bolsonaro, tem Michelle\u201d"},"content":{"rendered":"\n<p>O presidente do Partido Liberal (PL), Valdemar Costa Neto, revelou que a legenda est\u00e1 cogitando al\u00e7ar a ex-primeira-dama Michelle Bolsonaro como candidata \u00e0 Presid\u00eancia da Rep\u00fablica caso o ex-presidente Jair Bolsonaro (PL) demonstre indisposi\u00e7\u00e3o para concorrer.<\/p>\n\n\n\n<p>Em entrevista \u00e0 CNN Brasil, ele destacou que Michelle mostrou grande for\u00e7a pol\u00edtica durante a campanha presidencial de 2022. A ex-primeira-dama esteve bastante ativa na busca por votos para o esposo e se destacou pelo\u00a0<a rel=\"noreferrer noopener\" href=\"https:\/\/pleno.news\/brasil\/politica-nacional\/michelle-bolsonaro-desponta-entre-influenciadores.html\" target=\"_blank\">engajamento que possui nas redes sociais<\/a>.<\/p>\n\n\n\n<p>\u2013 Se Bolsonaro n\u00e3o quiser ser candidato, n\u00f3s temos tamb\u00e9m a Michelle. Ela se revelou no lan\u00e7amento de [campanha de] Bolsonaro [em 2022]. Foi uma surpresa para todos \u2013 salientou Valdemar.<\/p>\n\n\n\n<p>Na avalia\u00e7\u00e3o do dirigente da sigla, n\u00e3o h\u00e1 d\u00favidas de que Bolsonaro seria um \u201ccandidato fort\u00edssimo\u201d no pr\u00f3ximo pleito; mas, se seus objetivos n\u00e3o envolverem mais o Planalto, ele ser\u00e1 \u201cainda mais forte\u201d como \u201ccabo eleitoral\u201d.<\/p>\n\n\n\n<p>\u2013 Esse movimento de direita veio para ficar (\u2026). O Bolsonaro apoiando outro candidato n\u00f3s seremos imbat\u00edveis na pr\u00f3xima elei\u00e7\u00e3o \u2013 pontuou.<\/p>\n\n\n\n<p>Apesar de estar tra\u00e7ando planos, Valdemar admitiu que ainda n\u00e3o chegou a marcar uma reuni\u00e3o com Michelle para discutir a possibilidade de sua candidatura. Outra proposta que pretende fazer a ex-primeira-dama \u00e9 que ela passe a ser respons\u00e1vel pelo PL Mulher no pa\u00eds.<\/p>\n\n\n\n<p>Michelle retornou ao Brasil nesta quinta-feira (26) ap\u00f3s viagem a Orlando, nos Estados Unidos. O ex-chefe do Executivo, por sua vez, permaneceu na Fl\u00f3rida.<\/p>\n\n\n\n<p>Al\u00e9m de Michelle, outros dois nomes chamam a aten\u00e7\u00e3o do presidente do PL. Entretanto, ambos pertencem a outras legendas no momento. S\u00e3o eles: os governadores de S\u00e3o Paulo e Minas Gerais, Tarc\u00edsio de Freitas (Republicanos) e Romeu Zema (Novo).<\/p>\n\n\n\n<p>\u2013 O Zema vai ter que ver a vida dele, porque ele est\u00e1 em um partido que tem tr\u00eas deputados federais, n\u00e3o tem mais tempo de televis\u00e3o, n\u00e3o tem mais nada. Ele vai ter que ver como ele vai construir essa [candidatura]. Para n\u00f3s, \u00e9 muito importante ele vir para o PL. Receber\u00edamos de bra\u00e7os abertos. Ele \u00e9 um candidato forte para daqui a quatro anos, assim como o Tarc\u00edsio \u2013 assinalou.<\/p>\n","protected":false},"excerpt":{"rendered":"<p>O presidente do Partido Liberal (PL), Valdemar Costa Neto, revelou que a legenda est\u00e1 cogitando al\u00e7ar a ex-primeira-dama Michelle Bolsonaro como candidata \u00e0 Presid\u00eancia da Rep\u00fablica caso o ex-presidente Jair Bolsonaro (PL) demonstre indisposi\u00e7\u00e3o para concorrer. Em entrevista \u00e0 CNN Brasil, ele destacou que Michelle mostrou grande for\u00e7a pol\u00edtica durante a campanha presidencial de 2022. [&hellip;]<\/p>\n","protected":false},"author":2,"featured_media":14498,"comment_status":"open","ping_status":"open","sticky":false,"template":"","format":"standard","meta":[],"categories":[4],"tags":[],"_links":{"self":[{"href":"https:\/\/dgospel.com.br\/portal\/index.php\/wp-json\/wp\/v2\/posts\/14497"}],"collection":[{"href":"https:\/\/dgospel.com.br\/portal\/index.php\/wp-json\/wp\/v2\/posts"}],"about":[{"href":"https:\/\/dgospel.com.br\/portal\/index.php\/wp-json\/wp\/v2\/types\/post"}],"author":[{"embeddable":true,"href":"https:\/\/dgospel.com.br\/portal\/index.php\/wp-json\/wp\/v2\/users\/2"}],"replies":[{"embeddable":true,"href":"https:\/\/dgospel.com.br\/portal\/index.php\/wp-json\/wp\/v2\/comments?post=14497"}],"version-history":[{"count":1,"href":"https:\/\/dgospel.com.br\/portal\/index.php\/wp-json\/wp\/v2\/posts\/14497\/revisions"}],"predecessor-version":[{"id":14499,"href":"https:\/\/dgospel.com.br\/portal\/index.php\/wp-json\/wp\/v2\/posts\/14497\/revisions\/14499"}],"wp:featuredmedia":[{"embeddable":true,"href":"https:\/\/dgospel.com.br\/portal\/index.php\/wp-json\/wp\/v2\/media\/14498"}],"wp:attachment":[{"href":"https:\/\/dgospel.com.br\/portal\/index.php\/wp-json\/wp\/v2\/media?parent=14497"}],"wp:term":[{"taxonomy":"category","embeddable":true,"href":"https:\/\/dgospel.com.br\/portal\/index.php\/wp-json\/wp\/v2\/categories?post=14497"},{"taxonomy":"post_tag","embeddable":true,"href":"https:\/\/dgospel.com.br\/portal\/index.php\/wp-json\/wp\/v2\/tags?post=14497"}],"curies":[{"name":"wp","href":"https:\/\/api.w.org\/{rel}","templated":true}]}}