{"id":14500,"date":"2023-01-27T23:05:30","date_gmt":"2023-01-28T02:05:30","guid":{"rendered":"http:\/\/dgospel.com.br\/portal\/?p=14500"},"modified":"2023-01-27T23:05:30","modified_gmt":"2023-01-28T02:05:30","slug":"ex-ministro-de-dilma-tragedia-dos-yanomamis-nao-e-novidade","status":"publish","type":"post","link":"https:\/\/dgospel.com.br\/portal\/index.php\/2023\/01\/27\/ex-ministro-de-dilma-tragedia-dos-yanomamis-nao-e-novidade\/","title":{"rendered":"Ex-ministro de Dilma: \u201cTrag\u00e9dia dos Yanomamis n\u00e3o \u00e9 novidade\u201d"},"content":{"rendered":"\n<p>O ex-ministro Aldo Rebelo declarou, nesta sexta-feira (27), que a situa\u00e7\u00e3o dos Yanomamis n\u00e3o \u00e9 novidade, que h\u00e1 muitas d\u00e9cadas o grupo sofre de desnutri\u00e7\u00e3o e problemas de sa\u00fade.<\/p>\n\n\n\n<p>Durante palestra realizada no Centro Empresarial de Altamira, no Par\u00e1, Rebelo contou que visitou a tribo ind\u00edgena de Surucucu, em Roraima, em 2000, quando era presidente da Comiss\u00e3o de Rela\u00e7\u00f5es Exteriores e de Defesa Nacional.<\/p>\n\n\n\n<p>Rebelo contou que a falta de alimenta\u00e7\u00e3o torna essa popula\u00e7\u00e3o ref\u00e9m de in\u00fameras doen\u00e7as.<\/p>\n\n\n\n<p>\u2013 Voc\u00ea est\u00e1 vendo essa trag\u00e9dia dos Yanomamis que n\u00e3o \u00e9 novidade. Em 2000, eu fui a essa \u00e1rea e o general Villas Boas, era coronel e assessor parlamentar e foi comigo. A mo\u00e7a da ONG, uma jovenzinha, deixou eu entrar, mas n\u00e3o o coronel por ser militar \u2013 lembrou.<\/p>\n\n\n\n<p>E continuou:<\/p>\n\n\n\n<p>\u2013 Voc\u00ea entra nas ocas e v\u00ea a fuligem, a fuma\u00e7a, os \u00edndios com as costelas de fora, subnutridos, com tuberculose \u2013 relatou.<\/p>\n\n\n\n<p>O ex-ministro contou ainda que v\u00e1rios pedidos feitos pelos ind\u00edgena diretamente para ele n\u00e3o eram poss\u00edveis de serem cumpridos, com a explica\u00e7\u00e3o de que iria prejudicar a cultura local.<\/p>\n\n\n\n<p>Rebelo lembrou ainda que um ind\u00edgena pediu uma arma para ajudar na ca\u00e7a, que uma m\u00e3e contou que sua filha chorava querendo usar uma cal\u00e7a jeans. Ele revelou que a quantidade de pessoas que vivem na \u00e1rea n\u00e3o conseguem sobreviver apenas com o que est\u00e1 dispon\u00edvel para coleta e ca\u00e7a.<\/p>\n\n\n\n<p>\u2013 Eles n\u00e3o querem mais isso. O Estado n\u00e3o podem obrig\u00e1-los a viver nisso. Eles n\u00e3o t\u00eam \u00e1gua, nem luz \u2013 declarou ele dizendo que as ONGs impedem o acesso de bens essenciais, porque isso prejudicaria a cultura local.<\/p>\n\n\n\n<figure class=\"wp-block-embed is-type-video is-provider-youtube wp-block-embed-youtube wp-embed-aspect-16-9 wp-has-aspect-ratio\"><div class=\"wp-block-embed__wrapper\">\n<iframe loading=\"lazy\" title=\"LAN\u00c7AMENTO - O QUINTO MOVIMENTO - AO VIVO AGORA\" width=\"630\" height=\"354\" src=\"https:\/\/www.youtube.com\/embed\/651ivIxM2yE?start=3044&#038;feature=oembed\" frameborder=\"0\" allow=\"accelerometer; autoplay; clipboard-write; encrypted-media; gyroscope; picture-in-picture; web-share\" allowfullscreen><\/iframe>\n<\/div><\/figure>\n","protected":false},"excerpt":{"rendered":"<p>O ex-ministro Aldo Rebelo declarou, nesta sexta-feira (27), que a situa\u00e7\u00e3o dos Yanomamis n\u00e3o \u00e9 novidade, que h\u00e1 muitas d\u00e9cadas o grupo sofre de desnutri\u00e7\u00e3o e problemas de sa\u00fade. Durante palestra realizada no Centro Empresarial de Altamira, no Par\u00e1, Rebelo contou que visitou a tribo ind\u00edgena de Surucucu, em Roraima, em 2000, quando era presidente [&hellip;]<\/p>\n","protected":false},"author":2,"featured_media":14501,"comment_status":"open","ping_status":"open","sticky":false,"template":"","format":"standard","meta":[],"categories":[10],"tags":[13],"_links":{"self":[{"href":"https:\/\/dgospel.com.br\/portal\/index.php\/wp-json\/wp\/v2\/posts\/14500"}],"collection":[{"href":"https:\/\/dgospel.com.br\/portal\/index.php\/wp-json\/wp\/v2\/posts"}],"about":[{"href":"https:\/\/dgospel.com.br\/portal\/index.php\/wp-json\/wp\/v2\/types\/post"}],"author":[{"embeddable":true,"href":"https:\/\/dgospel.com.br\/portal\/index.php\/wp-json\/wp\/v2\/users\/2"}],"replies":[{"embeddable":true,"href":"https:\/\/dgospel.com.br\/portal\/index.php\/wp-json\/wp\/v2\/comments?post=14500"}],"version-history":[{"count":1,"href":"https:\/\/dgospel.com.br\/portal\/index.php\/wp-json\/wp\/v2\/posts\/14500\/revisions"}],"predecessor-version":[{"id":14502,"href":"https:\/\/dgospel.com.br\/portal\/index.php\/wp-json\/wp\/v2\/posts\/14500\/revisions\/14502"}],"wp:featuredmedia":[{"embeddable":true,"href":"https:\/\/dgospel.com.br\/portal\/index.php\/wp-json\/wp\/v2\/media\/14501"}],"wp:attachment":[{"href":"https:\/\/dgospel.com.br\/portal\/index.php\/wp-json\/wp\/v2\/media?parent=14500"}],"wp:term":[{"taxonomy":"category","embeddable":true,"href":"https:\/\/dgospel.com.br\/portal\/index.php\/wp-json\/wp\/v2\/categories?post=14500"},{"taxonomy":"post_tag","embeddable":true,"href":"https:\/\/dgospel.com.br\/portal\/index.php\/wp-json\/wp\/v2\/tags?post=14500"}],"curies":[{"name":"wp","href":"https:\/\/api.w.org\/{rel}","templated":true}]}}