{"id":14503,"date":"2023-01-27T23:18:09","date_gmt":"2023-01-28T02:18:09","guid":{"rendered":"http:\/\/dgospel.com.br\/portal\/?p=14503"},"modified":"2023-01-27T23:18:11","modified_gmt":"2023-01-28T02:18:11","slug":"depois-de-8-anos-no-vermelho-governo-federal-fecha-2022-com-superavit","status":"publish","type":"post","link":"https:\/\/dgospel.com.br\/portal\/index.php\/2023\/01\/27\/depois-de-8-anos-no-vermelho-governo-federal-fecha-2022-com-superavit\/","title":{"rendered":"Depois de 8 anos no vermelho, governo federal fecha 2022 com super\u00e1vit"},"content":{"rendered":"\n<p>As contas do governo federal em 2022, o \u00faltimo do governo de Jair Bolsonaro (PL), fecharam com super\u00e1vit de R$ 54,1 bilh\u00f5es, ou R$ 57,9 bilh\u00f5es, em valores corrigidos. O n\u00famero superou at\u00e9 mesmo a expectativa do ex-ministro da Economia, Paulo Guedes, que acreditava em super\u00e1vit de cerca de R$ 36 bilh\u00f5es.<\/p>\n\n\n\n<p>Esta foi a primeira vez, em oito anos, que as contas do governo fecharam com super\u00e1vit prim\u00e1rio. Entre 2014 e 2021, sempre houve d\u00e9ficit prim\u00e1rio,&nbsp;<strong><a href=\"https:\/\/sisweb.tesouro.gov.br\/apex\/f?p=2501:9::::9:P9_ID_PUBLICACAO:46073\" target=\"_blank\" rel=\"noreferrer noopener\">conforme um relat\u00f3rio divulgado nesta sexta-feira, 27, pelo Tesouro Nacional<\/a><\/strong>.<\/p>\n\n\n\n<ul><li>2014: -37,2 milh\u00f5es<\/li><li>2015: -175 milh\u00f5es<\/li><li>2016: -220,5 milh\u00f5es<\/li><li>2017: -165,7 milh\u00f5es<\/li><li>2018: -153,6 milh\u00f5es<\/li><li>2019: -117,2 milh\u00f5es<\/li><li>2020: -898,4 milh\u00f5es<\/li><li>2021: -40,2 milh\u00f5es<\/li><li>2022: 57,9 milh\u00f5es<\/li><\/ul>\n\n\n\n<p>O super\u00e1vit prim\u00e1rio significa que as receitas do governo superaram as despesas, sem considerar o pagamento de juros da d\u00edvida p\u00fablica. Se as despesas s\u00e3o maiores, ocorre d\u00e9ficit prim\u00e1rio.<\/p>\n\n\n\n<p>Apesar do resultado positivo no ano passado, a expectativa para este primeiro ano do governo de Luiz In\u00e1cio Lula da Silva \u00e9 de um rombo de R$ 231,5 milh\u00f5es, de acordo com o Or\u00e7amento sancionado no come\u00e7o deste ano pelo petista. O Minist\u00e9rio da Fazenda tenta encontrar maneiras de aumentar a arrecada\u00e7\u00e3o, possivelmente com aumento de impostos, para reduzir o d\u00e9ficit em pelo menos R$ 100 bilh\u00f5es.<\/p>\n\n\n\n<p>No primeiro ano, o governo de Bolsonaro conseguiu reduzir levemente o d\u00e9ficit de 2018 (\u00faltimo ano de Michel Temer) de R$ 153,6 bilh\u00f5es para R$ 117,2 bilh\u00f5es. Entretanto, em 2020 e 2021, as contas p\u00fablicas foram afetadas pelas despesas extraordin\u00e1rias relacionadas \u00e0 pandemia de covid-19.<\/p>\n\n\n\n<p>O super\u00e1vit prim\u00e1rio registrado em 2022 foi influenciado pela&nbsp;<strong><a href=\"https:\/\/revistaoeste.com\/economia\/recorde-historico-arrecadacao-federal-fecha-2022-com-mais-de-r-22-trilhoes\/\" target=\"_blank\" rel=\"noreferrer noopener\">arrecada\u00e7\u00e3o recorde registrada no ano passado<\/a><\/strong>. Em valores corrigidos pela infla\u00e7\u00e3o, totalizou R$ 2,2 trilh\u00f5es, o que representa alta real de 8,18%, na compara\u00e7\u00e3o com o ano de 2021 (R$ 2,1 trilh\u00f5es).<\/p>\n","protected":false},"excerpt":{"rendered":"<p>As contas do governo federal em 2022, o \u00faltimo do governo de Jair Bolsonaro (PL), fecharam com super\u00e1vit de R$ 54,1 bilh\u00f5es, ou R$ 57,9 bilh\u00f5es, em valores corrigidos. O n\u00famero superou at\u00e9 mesmo a expectativa do ex-ministro da Economia, Paulo Guedes, que acreditava em super\u00e1vit de cerca de R$ 36 bilh\u00f5es. Esta foi a [&hellip;]<\/p>\n","protected":false},"author":2,"featured_media":14504,"comment_status":"open","ping_status":"open","sticky":false,"template":"","format":"standard","meta":[],"categories":[10],"tags":[13],"_links":{"self":[{"href":"https:\/\/dgospel.com.br\/portal\/index.php\/wp-json\/wp\/v2\/posts\/14503"}],"collection":[{"href":"https:\/\/dgospel.com.br\/portal\/index.php\/wp-json\/wp\/v2\/posts"}],"about":[{"href":"https:\/\/dgospel.com.br\/portal\/index.php\/wp-json\/wp\/v2\/types\/post"}],"author":[{"embeddable":true,"href":"https:\/\/dgospel.com.br\/portal\/index.php\/wp-json\/wp\/v2\/users\/2"}],"replies":[{"embeddable":true,"href":"https:\/\/dgospel.com.br\/portal\/index.php\/wp-json\/wp\/v2\/comments?post=14503"}],"version-history":[{"count":1,"href":"https:\/\/dgospel.com.br\/portal\/index.php\/wp-json\/wp\/v2\/posts\/14503\/revisions"}],"predecessor-version":[{"id":14505,"href":"https:\/\/dgospel.com.br\/portal\/index.php\/wp-json\/wp\/v2\/posts\/14503\/revisions\/14505"}],"wp:featuredmedia":[{"embeddable":true,"href":"https:\/\/dgospel.com.br\/portal\/index.php\/wp-json\/wp\/v2\/media\/14504"}],"wp:attachment":[{"href":"https:\/\/dgospel.com.br\/portal\/index.php\/wp-json\/wp\/v2\/media?parent=14503"}],"wp:term":[{"taxonomy":"category","embeddable":true,"href":"https:\/\/dgospel.com.br\/portal\/index.php\/wp-json\/wp\/v2\/categories?post=14503"},{"taxonomy":"post_tag","embeddable":true,"href":"https:\/\/dgospel.com.br\/portal\/index.php\/wp-json\/wp\/v2\/tags?post=14503"}],"curies":[{"name":"wp","href":"https:\/\/api.w.org\/{rel}","templated":true}]}}