{"id":14506,"date":"2023-01-30T09:22:08","date_gmt":"2023-01-30T12:22:08","guid":{"rendered":"http:\/\/dgospel.com.br\/portal\/?p=14506"},"modified":"2023-01-30T09:22:09","modified_gmt":"2023-01-30T12:22:09","slug":"lista-mundial-diz-que-liberdade-de-expressao-no-brasil-e-limitada","status":"publish","type":"post","link":"https:\/\/dgospel.com.br\/portal\/index.php\/2023\/01\/30\/lista-mundial-diz-que-liberdade-de-expressao-no-brasil-e-limitada\/","title":{"rendered":"Lista mundial diz que liberdade de express\u00e3o no Brasil \u00e9 limitada"},"content":{"rendered":"\n<p>Um \u00edndice global que analisa a liberdade de express\u00e3o em 174 pa\u00edses do mundo colocou o Brasil em sexto lugar, entre dez classifica\u00e7\u00f5es, por ter a liberdade de express\u00e3o \u201climitada\u201d.<\/p>\n\n\n\n<p>O rank Index Index, lan\u00e7ado nesta quarta-feira (25), coloca o Brasil na mesma classifica\u00e7\u00e3o que pa\u00edses como M\u00e9xico, Bol\u00edvia, N\u00edger, Gab\u00e3o, Burkina Faso, Togo, S\u00e9rvia, B\u00f3snia-Herzegovina, Nepal e Mal\u00e1sia.<\/p>\n\n\n\n<p>O projeto \u00e9 da organiza\u00e7\u00e3o Index on Censorship que usa an\u00e1lise de dados para acompanhar como a liberdade de express\u00e3o \u00e9 protegida e quais os pa\u00edses com maiores riscos \u00e0 esse direito.<\/p>\n\n\n\n<p>Participam desse estudo especialistas em machine learning e jornalismo da Liverpool John Moores University (LJMU).<\/p>\n\n\n\n<p>Enquanto o Brasil est\u00e1 como liberdade \u201climitada\u201d, outras na\u00e7\u00f5es foram classificadas como \u201caberta\u201d, \u201cparcialmente aberto\u201d, \u201cfortemente restrito\u201d, \u201cfechada\u201d, entre outros. Cada uma delas \u00e9 classificada de quatro formas: \u00edndice geral, acad\u00eamica, digital e de m\u00eddia\/imprensa.<\/p>\n\n\n\n<p>Os pa\u00edses mais abertos \u00e0 liberdade de express\u00e3o s\u00e3o Austr\u00e1lia, \u00c1ustria, B\u00e9lgica, Costa Rica, Dinamarca, Est\u00f4nia, Finl\u00e2ndia, Alemanha, Irlanda, Let\u00f4nia, Litu\u00e2nia, Holanda, Nova Zel\u00e2ndia , Noruega, Portugal, Su\u00e9cia e Su\u00ed\u00e7a.<\/p>\n\n\n\n<p>J\u00e1 os mais fechados s\u00e3o China, R\u00fassia, Ar\u00e1bia Saudita e Emirados \u00c1rabes Unidos. Confira a lista completa&nbsp;<a href=\"https:\/\/www.indexoncensorship.org\/indexindex\/\" target=\"_blank\" rel=\"noreferrer noopener\">aqui<\/a>.<\/p>\n","protected":false},"excerpt":{"rendered":"<p>Um \u00edndice global que analisa a liberdade de express\u00e3o em 174 pa\u00edses do mundo colocou o Brasil em sexto lugar, entre dez classifica\u00e7\u00f5es, por ter a liberdade de express\u00e3o \u201climitada\u201d. O rank Index Index, lan\u00e7ado nesta quarta-feira (25), coloca o Brasil na mesma classifica\u00e7\u00e3o que pa\u00edses como M\u00e9xico, Bol\u00edvia, N\u00edger, Gab\u00e3o, Burkina Faso, Togo, S\u00e9rvia, [&hellip;]<\/p>\n","protected":false},"author":2,"featured_media":14507,"comment_status":"open","ping_status":"open","sticky":false,"template":"","format":"standard","meta":[],"categories":[10],"tags":[],"_links":{"self":[{"href":"https:\/\/dgospel.com.br\/portal\/index.php\/wp-json\/wp\/v2\/posts\/14506"}],"collection":[{"href":"https:\/\/dgospel.com.br\/portal\/index.php\/wp-json\/wp\/v2\/posts"}],"about":[{"href":"https:\/\/dgospel.com.br\/portal\/index.php\/wp-json\/wp\/v2\/types\/post"}],"author":[{"embeddable":true,"href":"https:\/\/dgospel.com.br\/portal\/index.php\/wp-json\/wp\/v2\/users\/2"}],"replies":[{"embeddable":true,"href":"https:\/\/dgospel.com.br\/portal\/index.php\/wp-json\/wp\/v2\/comments?post=14506"}],"version-history":[{"count":1,"href":"https:\/\/dgospel.com.br\/portal\/index.php\/wp-json\/wp\/v2\/posts\/14506\/revisions"}],"predecessor-version":[{"id":14508,"href":"https:\/\/dgospel.com.br\/portal\/index.php\/wp-json\/wp\/v2\/posts\/14506\/revisions\/14508"}],"wp:featuredmedia":[{"embeddable":true,"href":"https:\/\/dgospel.com.br\/portal\/index.php\/wp-json\/wp\/v2\/media\/14507"}],"wp:attachment":[{"href":"https:\/\/dgospel.com.br\/portal\/index.php\/wp-json\/wp\/v2\/media?parent=14506"}],"wp:term":[{"taxonomy":"category","embeddable":true,"href":"https:\/\/dgospel.com.br\/portal\/index.php\/wp-json\/wp\/v2\/categories?post=14506"},{"taxonomy":"post_tag","embeddable":true,"href":"https:\/\/dgospel.com.br\/portal\/index.php\/wp-json\/wp\/v2\/tags?post=14506"}],"curies":[{"name":"wp","href":"https:\/\/api.w.org\/{rel}","templated":true}]}}