{"id":14509,"date":"2023-01-30T09:26:56","date_gmt":"2023-01-30T12:26:56","guid":{"rendered":"http:\/\/dgospel.com.br\/portal\/?p=14509"},"modified":"2023-01-30T09:26:57","modified_gmt":"2023-01-30T12:26:57","slug":"grupo-de-advogados-usava-video-falso-contra-nikolas-ferreira","status":"publish","type":"post","link":"https:\/\/dgospel.com.br\/portal\/index.php\/2023\/01\/30\/grupo-de-advogados-usava-video-falso-contra-nikolas-ferreira\/","title":{"rendered":"Grupo de advogados usava v\u00eddeo falso contra Nikolas Ferreira"},"content":{"rendered":"\n<p>O deputado federal eleito Nikolas Ferreira (PL-MG) foi alvo de um processo que pedia a suspens\u00e3o de sua posse por conta de uma fake news divulgada por um ativista de esquerda.<\/p>\n\n\n\n<p>De autoria do Grupo Prerrogativas, a liminar anexou no processo o print falso que dizia que o parlamentar havia convocado os manifestantes para o ato em Bras\u00edlia no dia 8 de janeiro.<\/p>\n\n\n\n<p>Por\u00e9m, o v\u00eddeo em quest\u00e3o foi gravado durante a campanha do segundo turno, quando Nikolas esteve em Imperatriz, no Maranh\u00e3o, pedindo votos para Jair Bolsonaro.<\/p>\n\n\n\n<p>\u2013 O v\u00eddeo \u00e9 da minha ida ao Nordeste, e n\u00e3o tinha nem o resultado das elei\u00e7\u00f5es. Como eu poderia estar convocando para os atos do dia 08? \u2013 esclareceu o parlamentar.<\/p>\n\n\n\n<p>E continuou:<\/p>\n\n\n\n<p>\u2013 Isso \u00e9 pra voc\u00eas perceberem como a m\u00eddia e advogados ativistas de esquerda, atrav\u00e9s de uma mentira, conseguem infernizar a sua vida.<\/p>\n\n\n\n<figure class=\"wp-block-image\"><img src=\"https:\/\/static.cdn.pleno.news\/2023\/01\/photo1675009182.jpeg\" alt=\"\" class=\"wp-image-1081057\"\/><figcaption>Publica\u00e7\u00e3o com fake news foi anexada ao processo&nbsp;Foto: Reprodu\u00e7\u00e3o<\/figcaption><\/figure>\n\n\n\n<p>O pol\u00edtico de 26 anos declarou ainda que est\u00e1 n\u00e3o foi primeira, nem a \u00faltima vez que tentaram desgastar sua imagem com informa\u00e7\u00f5es falsas.<\/p>\n\n\n\n<p>\u2013 E sei que haver\u00e1 momentos que at\u00e9 pessoas que me apoiam, colocar\u00e3o em xeque meu car\u00e1ter por conta de press\u00e3o midi\u00e1tica e manchetes mentirosas. Mas saiba que eu permanecerei firme e a verdade prevalecer\u00e1 \u2013 garantiu.<\/p>\n\n\n\n<p>Nikolas Ferreira era um entre onze deputados eleitos que quase perderam seus mandatos. Al\u00e9m dele, o Grupo Prerrogativas denunciava os deputados Luiz Ovando (PP-MS), Marcos Pollon (PL-MS), Rodolfo Nogueira (PL-MS), Jo\u00e3o Henrique Catan (PL-MS), Rafael Tavares (PRTB-MS), Carlos Jordy (PL-RJ), Silvia Wai\u00e3pi (PL-AP), Andr\u00e9 Fernandes (PL-CE), Sargento Rodrigues (PL-MG) e Walber Virgolino (PL-PB).<\/p>\n","protected":false},"excerpt":{"rendered":"<p>O deputado federal eleito Nikolas Ferreira (PL-MG) foi alvo de um processo que pedia a suspens\u00e3o de sua posse por conta de uma fake news divulgada por um ativista de esquerda. De autoria do Grupo Prerrogativas, a liminar anexou no processo o print falso que dizia que o parlamentar havia convocado os manifestantes para o [&hellip;]<\/p>\n","protected":false},"author":2,"featured_media":14510,"comment_status":"open","ping_status":"open","sticky":false,"template":"","format":"standard","meta":[],"categories":[4],"tags":[],"_links":{"self":[{"href":"https:\/\/dgospel.com.br\/portal\/index.php\/wp-json\/wp\/v2\/posts\/14509"}],"collection":[{"href":"https:\/\/dgospel.com.br\/portal\/index.php\/wp-json\/wp\/v2\/posts"}],"about":[{"href":"https:\/\/dgospel.com.br\/portal\/index.php\/wp-json\/wp\/v2\/types\/post"}],"author":[{"embeddable":true,"href":"https:\/\/dgospel.com.br\/portal\/index.php\/wp-json\/wp\/v2\/users\/2"}],"replies":[{"embeddable":true,"href":"https:\/\/dgospel.com.br\/portal\/index.php\/wp-json\/wp\/v2\/comments?post=14509"}],"version-history":[{"count":1,"href":"https:\/\/dgospel.com.br\/portal\/index.php\/wp-json\/wp\/v2\/posts\/14509\/revisions"}],"predecessor-version":[{"id":14511,"href":"https:\/\/dgospel.com.br\/portal\/index.php\/wp-json\/wp\/v2\/posts\/14509\/revisions\/14511"}],"wp:featuredmedia":[{"embeddable":true,"href":"https:\/\/dgospel.com.br\/portal\/index.php\/wp-json\/wp\/v2\/media\/14510"}],"wp:attachment":[{"href":"https:\/\/dgospel.com.br\/portal\/index.php\/wp-json\/wp\/v2\/media?parent=14509"}],"wp:term":[{"taxonomy":"category","embeddable":true,"href":"https:\/\/dgospel.com.br\/portal\/index.php\/wp-json\/wp\/v2\/categories?post=14509"},{"taxonomy":"post_tag","embeddable":true,"href":"https:\/\/dgospel.com.br\/portal\/index.php\/wp-json\/wp\/v2\/tags?post=14509"}],"curies":[{"name":"wp","href":"https:\/\/api.w.org\/{rel}","templated":true}]}}