{"id":1451,"date":"2018-09-27T10:56:45","date_gmt":"2018-09-27T13:56:45","guid":{"rendered":"http:\/\/dgospel.com.br\/portal\/?p=1451"},"modified":"2018-09-27T10:56:45","modified_gmt":"2018-09-27T13:56:45","slug":"em-reuniao-na-capital-carlesse-e-aliados-reafirmam-compromisso-com-a-educacao-juventude-e-cultura","status":"publish","type":"post","link":"https:\/\/dgospel.com.br\/portal\/index.php\/2018\/09\/27\/em-reuniao-na-capital-carlesse-e-aliados-reafirmam-compromisso-com-a-educacao-juventude-e-cultura\/","title":{"rendered":"Em reuni\u00e3o na Capital, Carlesse e aliados reafirmam compromisso com a educa\u00e7\u00e3o, juventude e cultura"},"content":{"rendered":"<p class=\"yiv6116382420MsoNormal\">Acompanhado dos demais integrantes da chapa majorit\u00e1ria da Coliga\u00e7\u00e3o Governo de Atitude, o Governador e candidato \u00e0 reelei\u00e7\u00e3o, Mauro Carlesse (PHS), reafirmou seu compromisso com os jovens, com a cultura e a educa\u00e7\u00e3o tocantinense durante reuni\u00e3o de apoio \u00e0 candidatura \u00e0 reelei\u00e7\u00e3o da professora Dorinha Seabra (DEM) ao cargo de deputada federal. Em um grande evento, que reuniu profissionais da \u00e1rea da educa\u00e7\u00e3o e de diversos outros segmentos no Cristal Hall, em Palmas, manifestaram apoio e confian\u00e7a no projeto do grupo de Carlesse.<\/p>\n<p class=\"yiv6116382420MsoNormal\">Anfitri\u00e3, professora Dorinha refor\u00e7ou que o Governador \u00e9 a pessoa certa para fazer a educa\u00e7\u00e3o do Estado evoluir. \u201cTenho certeza de que o Tocantins, que completa seus 30 anos, ter\u00e1 a oportunidade, com Mauro Carlesse, de ter um novo per\u00edodo da sua hist\u00f3ria. Um novo ciclo de respeito, seriedade e compromisso\u201d, destacou. Para ela, Carlesse \u00e9 o Governador que o Tocantins quer e precisa. \u201cEu tenho certeza de que aqui tem uma pessoa de compromisso com a juventude, que vai fortalecer e resgatar direitos que est\u00e3o perdidos. Mauro Carlesse tem compromisso com um futuro diferente para a juventude\u201d.<\/p>\n<p class=\"yiv6116382420MsoNormal\">Ao lado do vice-governador Wanderlei Barbosa (PHS), Carlesse defendeu a elei\u00e7\u00e3o dos candidatos a senador e deputados integrantes da sua base aliada como forma de garantir que projetos que os tocantinenses anseiam sejam defendidos, e aprovados, tamb\u00e9m na esfera legislativa. \u201cPreciso da for\u00e7a e determina\u00e7\u00e3o desses homens e mulheres no Senado, na C\u00e2mara dos Deputados e na Assembleia, por isso, pe\u00e7o o voto de confian\u00e7a de voc\u00eas para o C\u00e9sar Halum [PRB] e o Eduardo Gomes [SD], para senadores; para a professora Dorinha, nossa deputada federal, e para outros candidatos do nosso grupo. Juntos, vamos melhorar a educa\u00e7\u00e3o, nossa cultura e dar mais oportunidades aos nossos jovens\u201d, refor\u00e7ou.<\/p>\n<p class=\"yiv6116382420MsoNormal\">Durante o ato, Carlesse destacou os avan\u00e7os que a educa\u00e7\u00e3o do Tocantins j\u00e1 teve na sua gest\u00e3o, falou das reformas e constru\u00e7\u00e3o de escolas, da implanta\u00e7\u00e3o de col\u00e9gios militares, al\u00e9m de a\u00e7\u00f5es voltadas para a \u00e1rea da juventude e da cultura. \u201cS\u00e3o \u00e1reas que reafirmo meu compromisso de continuar a investir e desenvolver para que o nosso estado possa ser refer\u00eancia. Somente com a jun\u00e7\u00e3o da educa\u00e7\u00e3o, do investimento na juventude e na cultura, vamos evoluir como pessoas e como sociedade\u201d, afirmou.<\/p>\n<p class=\"yiv6116382420MsoNormal\">Ap\u00f3s relatar uma s\u00e9rie de avan\u00e7os que o Tocantins vem conquistando nestes tr\u00eas meses &#8211; desde que assumiu o Executivo &#8211; em \u00e1reas como a sa\u00fade, a infraestrutura, a seguran\u00e7a, a educa\u00e7\u00e3o e em defesa do funcionalismo p\u00fablico, Carlesse se disse honrado em poder contribuir para um futuro melhor para o Estado. \u201cAgrade\u00e7o a Deus todos os dias por eu ter essa oportunidade de colaborar com o Tocantins, para poder ajudar o meu povo\u201d.<\/p>\n","protected":false},"excerpt":{"rendered":"<p>Acompanhado dos demais integrantes da chapa majorit\u00e1ria da Coliga\u00e7\u00e3o Governo de Atitude, o Governador e candidato \u00e0 reelei\u00e7\u00e3o, Mauro Carlesse (PHS), reafirmou seu compromisso com os jovens, com a cultura e a educa\u00e7\u00e3o tocantinense durante reuni\u00e3o de apoio \u00e0 candidatura \u00e0 reelei\u00e7\u00e3o da professora Dorinha Seabra (DEM) ao cargo de deputada federal. Em um grande [&hellip;]<\/p>\n","protected":false},"author":2,"featured_media":1452,"comment_status":"open","ping_status":"open","sticky":false,"template":"","format":"standard","meta":[],"categories":[2,4],"tags":[],"_links":{"self":[{"href":"https:\/\/dgospel.com.br\/portal\/index.php\/wp-json\/wp\/v2\/posts\/1451"}],"collection":[{"href":"https:\/\/dgospel.com.br\/portal\/index.php\/wp-json\/wp\/v2\/posts"}],"about":[{"href":"https:\/\/dgospel.com.br\/portal\/index.php\/wp-json\/wp\/v2\/types\/post"}],"author":[{"embeddable":true,"href":"https:\/\/dgospel.com.br\/portal\/index.php\/wp-json\/wp\/v2\/users\/2"}],"replies":[{"embeddable":true,"href":"https:\/\/dgospel.com.br\/portal\/index.php\/wp-json\/wp\/v2\/comments?post=1451"}],"version-history":[{"count":1,"href":"https:\/\/dgospel.com.br\/portal\/index.php\/wp-json\/wp\/v2\/posts\/1451\/revisions"}],"predecessor-version":[{"id":1453,"href":"https:\/\/dgospel.com.br\/portal\/index.php\/wp-json\/wp\/v2\/posts\/1451\/revisions\/1453"}],"wp:featuredmedia":[{"embeddable":true,"href":"https:\/\/dgospel.com.br\/portal\/index.php\/wp-json\/wp\/v2\/media\/1452"}],"wp:attachment":[{"href":"https:\/\/dgospel.com.br\/portal\/index.php\/wp-json\/wp\/v2\/media?parent=1451"}],"wp:term":[{"taxonomy":"category","embeddable":true,"href":"https:\/\/dgospel.com.br\/portal\/index.php\/wp-json\/wp\/v2\/categories?post=1451"},{"taxonomy":"post_tag","embeddable":true,"href":"https:\/\/dgospel.com.br\/portal\/index.php\/wp-json\/wp\/v2\/tags?post=1451"}],"curies":[{"name":"wp","href":"https:\/\/api.w.org\/{rel}","templated":true}]}}