{"id":14512,"date":"2023-01-30T09:29:25","date_gmt":"2023-01-30T12:29:25","guid":{"rendered":"http:\/\/dgospel.com.br\/portal\/?p=14512"},"modified":"2023-01-30T09:29:26","modified_gmt":"2023-01-30T12:29:26","slug":"citado-na-lava-jato-e-nomeado-para-o-gabinete-pessoal-de-lula","status":"publish","type":"post","link":"https:\/\/dgospel.com.br\/portal\/index.php\/2023\/01\/30\/citado-na-lava-jato-e-nomeado-para-o-gabinete-pessoal-de-lula\/","title":{"rendered":"Citado na Lava Jato \u00e9 nomeado para o gabinete pessoal de Lula"},"content":{"rendered":"\n<p>Citado na Lava Jato e alvo de busca e apreens\u00e3o da opera\u00e7\u00e3o em 2016, o ex-funcion\u00e1rio do Instituto Lula Paulo Canguss\u00fa Andr\u00e9 foi nomeado na \u00faltima ter\u00e7a-feira (24) para assumir um cargo de dire\u00e7\u00e3o no gabinete pessoal do presidente&nbsp;<a href=\"https:\/\/pleno.news\/tag\/lula\" target=\"_blank\" rel=\"noreferrer noopener\">Luiz In\u00e1cio Lula da Silva (PT)<\/a>. Na nova fun\u00e7\u00e3o, ele ganhar\u00e1 um sal\u00e1rio bruto mensal de R$ 13,6 mil.<\/p>\n\n\n\n<figure class=\"wp-block-image\"><img src=\"https:\/\/static.cdn.pleno.news\/2023\/01\/Portaria-com-a-nomea%C3%A7%C3%A3o-de-Paulo-Canguss%C3%BA-Andre-e1675016865208.png\" alt=\"\" class=\"wp-image-1081028\"\/><figcaption>Portaria com a nomea\u00e7\u00e3o de Paulo Canguss\u00fa Andre&nbsp;Foto: Reprodu\u00e7\u00e3o\/DOU<\/figcaption><\/figure>\n\n\n\n<p>Em 2016, ao cumprir mandados de busca e apreens\u00e3o no \u00e2mbito da 24\u00aa fase da Lava Jato, a Pol\u00edcia Federal esteve em endere\u00e7os onde Paulo Andr\u00e9 trabalhava para o Instituto Lula. A etapa foi, inclusive, a mesma em que o atual presidente foi conduzido coercitivamente para prestar depoimento no Aeroporto de Congonhas, em S\u00e3o Paulo.<\/p>\n\n\n\n<p>Na \u00e9poca, Paulo era investigado por ter trocado e-mails com Dante Fernandes, um diretor da OAS, em janeiro de 2014. Na correspond\u00eancia, o funcion\u00e1rio do Instituto Lula abordava o pagamento de uma palestra de Lula antes mesmo da formaliza\u00e7\u00e3o do contrato da empreiteira com a empresa respons\u00e1vel por gerir os eventos.<\/p>\n\n\n\n<p>Na ocasi\u00e3o, a suspeita dos \u00f3rg\u00e3os de investiga\u00e7\u00e3o era de que as palestras pagas a Lula a partir de 2011, por meio da empresa, fossem um artif\u00edcio para ocultar propina desviada da Petrobras. Apesar de ter sido citado e ser alvo de busca e apreens\u00e3o, Paulo Andr\u00e9 n\u00e3o chegou a ser no \u00e2mbito da Opera\u00e7\u00e3o Lava Jato.<\/p>\n","protected":false},"excerpt":{"rendered":"<p>Citado na Lava Jato e alvo de busca e apreens\u00e3o da opera\u00e7\u00e3o em 2016, o ex-funcion\u00e1rio do Instituto Lula Paulo Canguss\u00fa Andr\u00e9 foi nomeado na \u00faltima ter\u00e7a-feira (24) para assumir um cargo de dire\u00e7\u00e3o no gabinete pessoal do presidente&nbsp;Luiz In\u00e1cio Lula da Silva (PT). Na nova fun\u00e7\u00e3o, ele ganhar\u00e1 um sal\u00e1rio bruto mensal de R$ [&hellip;]<\/p>\n","protected":false},"author":2,"featured_media":14513,"comment_status":"open","ping_status":"open","sticky":false,"template":"","format":"standard","meta":[],"categories":[4],"tags":[],"_links":{"self":[{"href":"https:\/\/dgospel.com.br\/portal\/index.php\/wp-json\/wp\/v2\/posts\/14512"}],"collection":[{"href":"https:\/\/dgospel.com.br\/portal\/index.php\/wp-json\/wp\/v2\/posts"}],"about":[{"href":"https:\/\/dgospel.com.br\/portal\/index.php\/wp-json\/wp\/v2\/types\/post"}],"author":[{"embeddable":true,"href":"https:\/\/dgospel.com.br\/portal\/index.php\/wp-json\/wp\/v2\/users\/2"}],"replies":[{"embeddable":true,"href":"https:\/\/dgospel.com.br\/portal\/index.php\/wp-json\/wp\/v2\/comments?post=14512"}],"version-history":[{"count":1,"href":"https:\/\/dgospel.com.br\/portal\/index.php\/wp-json\/wp\/v2\/posts\/14512\/revisions"}],"predecessor-version":[{"id":14514,"href":"https:\/\/dgospel.com.br\/portal\/index.php\/wp-json\/wp\/v2\/posts\/14512\/revisions\/14514"}],"wp:featuredmedia":[{"embeddable":true,"href":"https:\/\/dgospel.com.br\/portal\/index.php\/wp-json\/wp\/v2\/media\/14513"}],"wp:attachment":[{"href":"https:\/\/dgospel.com.br\/portal\/index.php\/wp-json\/wp\/v2\/media?parent=14512"}],"wp:term":[{"taxonomy":"category","embeddable":true,"href":"https:\/\/dgospel.com.br\/portal\/index.php\/wp-json\/wp\/v2\/categories?post=14512"},{"taxonomy":"post_tag","embeddable":true,"href":"https:\/\/dgospel.com.br\/portal\/index.php\/wp-json\/wp\/v2\/tags?post=14512"}],"curies":[{"name":"wp","href":"https:\/\/api.w.org\/{rel}","templated":true}]}}