{"id":14515,"date":"2023-01-30T09:31:43","date_gmt":"2023-01-30T12:31:43","guid":{"rendered":"http:\/\/dgospel.com.br\/portal\/?p=14515"},"modified":"2023-01-30T09:31:44","modified_gmt":"2023-01-30T12:31:44","slug":"impeachment-2-pedido-contra-lula-e-protocolado-na-camara","status":"publish","type":"post","link":"https:\/\/dgospel.com.br\/portal\/index.php\/2023\/01\/30\/impeachment-2-pedido-contra-lula-e-protocolado-na-camara\/","title":{"rendered":"Impeachment: 2\u00b0 pedido contra Lula \u00e9 protocolado na C\u00e2mara"},"content":{"rendered":"\n<p>A&nbsp;<a href=\"https:\/\/pleno.news\/tag\/camara-dos-deputados\" target=\"_blank\" rel=\"noreferrer noopener\">C\u00e2mara dos Deputados<\/a>&nbsp;recebeu, na \u00faltima sexta-feira (27), o segundo pedido de abertura de processo de impeachment contra o presidente&nbsp;<a href=\"https:\/\/pleno.news\/tag\/lula\" target=\"_blank\" rel=\"noreferrer noopener\">Lula<\/a>&nbsp;(PT). A nova peti\u00e7\u00e3o foi apresentada pelo deputado federal Evair de Melo (PP-ES). Na \u00faltima quarta (25), o deputado Ubiratan Sanderson (PL-RS) j\u00e1 havia protocolado um pedido contra o petista.<\/p>\n\n\n\n<p>Os dois parlamentares citam como raz\u00e3o para o pedido de abertura do processo de impedimento contra o chefe do Executivo o fato de ele ter se referido ao impeachment da ex-presidente Dilma Rousseff (PT) como \u201cgolpe\u201d durante viagem \u00e0 Argentina na \u00faltima semana.<\/p>\n\n\n\n<p>Para Evair de Melo, Lula \u201cataca, de forma raivosa, abjeta e contr\u00e1ria \u00e0 verdade, a democracia brasileira, o Congresso Nacional e o Supremo Tribunal Federal\u201d ao declarar que o impeachment da ex-presidente teria sido um golpe. Ele tamb\u00e9m defende que o Legislativo e o Judici\u00e1rio respondam \u201ccom toda firmeza\u201d a acusa\u00e7\u00e3o feita pelo petista.<\/p>\n\n\n\n<p>Al\u00e9m do pedido de impeachment, o deputado do PP tamb\u00e9m solicitou, na \u00faltima quinta (26), a abertura de uma investiga\u00e7\u00e3o contra Lula por considerar que \u00e9 de \u201cextrema gravidade e incorre em a\u00e7\u00e3o criminosa, mentirosa, falaciosa, leviana, uma verdadeira fake news\u201d a fala do atual presidente.<\/p>\n","protected":false},"excerpt":{"rendered":"<p>A&nbsp;C\u00e2mara dos Deputados&nbsp;recebeu, na \u00faltima sexta-feira (27), o segundo pedido de abertura de processo de impeachment contra o presidente&nbsp;Lula&nbsp;(PT). A nova peti\u00e7\u00e3o foi apresentada pelo deputado federal Evair de Melo (PP-ES). Na \u00faltima quarta (25), o deputado Ubiratan Sanderson (PL-RS) j\u00e1 havia protocolado um pedido contra o petista. Os dois parlamentares citam como raz\u00e3o para [&hellip;]<\/p>\n","protected":false},"author":2,"featured_media":14516,"comment_status":"open","ping_status":"open","sticky":false,"template":"","format":"standard","meta":[],"categories":[8],"tags":[],"_links":{"self":[{"href":"https:\/\/dgospel.com.br\/portal\/index.php\/wp-json\/wp\/v2\/posts\/14515"}],"collection":[{"href":"https:\/\/dgospel.com.br\/portal\/index.php\/wp-json\/wp\/v2\/posts"}],"about":[{"href":"https:\/\/dgospel.com.br\/portal\/index.php\/wp-json\/wp\/v2\/types\/post"}],"author":[{"embeddable":true,"href":"https:\/\/dgospel.com.br\/portal\/index.php\/wp-json\/wp\/v2\/users\/2"}],"replies":[{"embeddable":true,"href":"https:\/\/dgospel.com.br\/portal\/index.php\/wp-json\/wp\/v2\/comments?post=14515"}],"version-history":[{"count":1,"href":"https:\/\/dgospel.com.br\/portal\/index.php\/wp-json\/wp\/v2\/posts\/14515\/revisions"}],"predecessor-version":[{"id":14517,"href":"https:\/\/dgospel.com.br\/portal\/index.php\/wp-json\/wp\/v2\/posts\/14515\/revisions\/14517"}],"wp:featuredmedia":[{"embeddable":true,"href":"https:\/\/dgospel.com.br\/portal\/index.php\/wp-json\/wp\/v2\/media\/14516"}],"wp:attachment":[{"href":"https:\/\/dgospel.com.br\/portal\/index.php\/wp-json\/wp\/v2\/media?parent=14515"}],"wp:term":[{"taxonomy":"category","embeddable":true,"href":"https:\/\/dgospel.com.br\/portal\/index.php\/wp-json\/wp\/v2\/categories?post=14515"},{"taxonomy":"post_tag","embeddable":true,"href":"https:\/\/dgospel.com.br\/portal\/index.php\/wp-json\/wp\/v2\/tags?post=14515"}],"curies":[{"name":"wp","href":"https:\/\/api.w.org\/{rel}","templated":true}]}}