{"id":14524,"date":"2023-01-30T09:56:17","date_gmt":"2023-01-30T12:56:17","guid":{"rendered":"http:\/\/dgospel.com.br\/portal\/?p=14524"},"modified":"2023-01-30T09:56:18","modified_gmt":"2023-01-30T12:56:18","slug":"procon-tocantins-apresenta-demandas-e-avancos-para-secretaria-nacional-do-consumidor-em-brasilia","status":"publish","type":"post","link":"https:\/\/dgospel.com.br\/portal\/index.php\/2023\/01\/30\/procon-tocantins-apresenta-demandas-e-avancos-para-secretaria-nacional-do-consumidor-em-brasilia\/","title":{"rendered":"Procon Tocantins apresenta demandas e avan\u00e7os para Secretaria Nacional do Consumidor, em Bras\u00edlia"},"content":{"rendered":"\n<p>O superintendente do Procon Tocantins, Rafael Pereira Parente, participou nessa sexta-feira, 27, da 1\u00aa Reuni\u00e3o de 2023 da Secretaria Nacional do Consumidor (Senacon) com os procons estaduais e do Distrito Federal.&nbsp;<\/p>\n\n\n\n<p>Na ocasi\u00e3o, o Superintendente do Procon Tocantins destacou o trabalho realizado em 2022, os resultados positivos em defesa do consumidor e tamb\u00e9m apresentou prioridades e demandas do \u00f3rg\u00e3o para o secret\u00e1rio Nacional do Consumidor, Wadih Damous.<\/p>\n\n\n\n<p>Wadih Damous apresentou as prioridades da nova gest\u00e3o, entre elas, o combate ao superendividamento da popula\u00e7\u00e3o e o fortalecimento da Escola Nacional de Defesa do Consumidor (ENDC) para que ela seja um instrumento pedag\u00f3gico e de di\u00e1logo na sociedade para um consumo consciente.<\/p>\n\n\n\n<p>&#8220;Estamos dando o primeiro passo de uma caminhada que ser\u00e1 frut\u00edfera. As portas desta secretaria est\u00e3o abertas e o di\u00e1logo entre n\u00f3s ser\u00e1 permanente, pois estamos buscando efici\u00eancia e qualidade no atendimento ao consumidor brasileiro\u201d, afirmou o secret\u00e1rio Wadih Damous.<\/p>\n\n\n\n<p>Ainda na pauta dos \u00f3rg\u00e3os com a Senacon, foi definida a agenda conjunta de prioridades de cada \u00f3rg\u00e3o e tamb\u00e9m a rede de colabora\u00e7\u00e3o ao processo de fiscaliza\u00e7\u00e3o sobre irregularidades no pre\u00e7o dos combust\u00edveis.<\/p>\n\n\n\n<p>Para o gestor estadual, Rafael Pereira Parente, \u00e9 fundamental este trabalho conjunto com o Governo Federal, por meio da Senacon, com os procons estaduais. \u201cS\u00e3o muitos os desafios encontrados diariamente na defesa do consumidor, e ter o respaldo e a parceria da Senacon s\u00f3 fortalece o cumprimento do C\u00f3digo de Defesa do Consumidor e permite ao Procon ampla atua\u00e7\u00e3o\u201d, afirmou o gestor.<\/p>\n\n\n\n<p><img src=\"https:\/\/central.to.gov.br\/image\/316716?w=670&amp;h=383\"><\/p>\n\n\n\n<p>Reuni\u00e3o entre procons do Brasil ocorreu em Bras\u00edlia, na sede do Minist\u00e9rio da Justi\u00e7a e Seguran\u00e7a P\u00fablica &#8211; Isaac Amorim\/MJSP\u00a0<\/p>\n\n\n\n<p><img src=\"https:\/\/central.to.gov.br\/image\/316715?w=670&amp;h=383\"><\/p>\n\n\n\n<p>Uma agenda em conjunta foi definida entre os Procons e o Governo Federal &#8211; Isaac Amorim\/MJSP\u00a0<\/p>\n","protected":false},"excerpt":{"rendered":"<p>O superintendente do Procon Tocantins, Rafael Pereira Parente, participou nessa sexta-feira, 27, da 1\u00aa Reuni\u00e3o de 2023 da Secretaria Nacional do Consumidor (Senacon) com os procons estaduais e do Distrito Federal.&nbsp; Na ocasi\u00e3o, o Superintendente do Procon Tocantins destacou o trabalho realizado em 2022, os resultados positivos em defesa do consumidor e tamb\u00e9m apresentou prioridades [&hellip;]<\/p>\n","protected":false},"author":2,"featured_media":14525,"comment_status":"open","ping_status":"open","sticky":false,"template":"","format":"standard","meta":[],"categories":[3],"tags":[13],"_links":{"self":[{"href":"https:\/\/dgospel.com.br\/portal\/index.php\/wp-json\/wp\/v2\/posts\/14524"}],"collection":[{"href":"https:\/\/dgospel.com.br\/portal\/index.php\/wp-json\/wp\/v2\/posts"}],"about":[{"href":"https:\/\/dgospel.com.br\/portal\/index.php\/wp-json\/wp\/v2\/types\/post"}],"author":[{"embeddable":true,"href":"https:\/\/dgospel.com.br\/portal\/index.php\/wp-json\/wp\/v2\/users\/2"}],"replies":[{"embeddable":true,"href":"https:\/\/dgospel.com.br\/portal\/index.php\/wp-json\/wp\/v2\/comments?post=14524"}],"version-history":[{"count":1,"href":"https:\/\/dgospel.com.br\/portal\/index.php\/wp-json\/wp\/v2\/posts\/14524\/revisions"}],"predecessor-version":[{"id":14526,"href":"https:\/\/dgospel.com.br\/portal\/index.php\/wp-json\/wp\/v2\/posts\/14524\/revisions\/14526"}],"wp:featuredmedia":[{"embeddable":true,"href":"https:\/\/dgospel.com.br\/portal\/index.php\/wp-json\/wp\/v2\/media\/14525"}],"wp:attachment":[{"href":"https:\/\/dgospel.com.br\/portal\/index.php\/wp-json\/wp\/v2\/media?parent=14524"}],"wp:term":[{"taxonomy":"category","embeddable":true,"href":"https:\/\/dgospel.com.br\/portal\/index.php\/wp-json\/wp\/v2\/categories?post=14524"},{"taxonomy":"post_tag","embeddable":true,"href":"https:\/\/dgospel.com.br\/portal\/index.php\/wp-json\/wp\/v2\/tags?post=14524"}],"curies":[{"name":"wp","href":"https:\/\/api.w.org\/{rel}","templated":true}]}}