{"id":14527,"date":"2023-01-30T10:04:03","date_gmt":"2023-01-30T13:04:03","guid":{"rendered":"http:\/\/dgospel.com.br\/portal\/?p=14527"},"modified":"2023-01-30T10:04:05","modified_gmt":"2023-01-30T13:04:05","slug":"deputado-venezuelano-diz-que-ianomamis-desnutridos-vieram-ao-brasil-de-seu-pais","status":"publish","type":"post","link":"https:\/\/dgospel.com.br\/portal\/index.php\/2023\/01\/30\/deputado-venezuelano-diz-que-ianomamis-desnutridos-vieram-ao-brasil-de-seu-pais\/","title":{"rendered":"Deputado venezuelano diz que ianom\u00e2mis desnutridos vieram ao Brasil de seu pa\u00eds"},"content":{"rendered":"\n<p>Contrariando a vers\u00e3o das autoridades brasileiras, o deputado da&nbsp;<strong><a href=\"https:\/\/www.asambleanacional.gob.ve\/\" target=\"_blank\" rel=\"noreferrer noopener\">Assembleia Nacional da Venezuela<\/a><\/strong>, Romel Guzamana, afirmou que ianom\u00e2mis desnutridos encontrados no Brasil s\u00e3o provenientes da Venezuela. Eles teriam cruzado a fronteira do Estado venezuelano de Bolivar com Roraima para escapar do regime do ditador Nicol\u00e1s Maduro, escreveu Guzamana, que \u00e9 ind\u00edgena da etnia baniva, em uma postagem no Twitter.<\/p>\n\n\n\n<p>\u201cDenuncio a grave desnutri\u00e7\u00e3o de nossos irm\u00e3os ind\u00edgenas ianom\u00e2mis do Estado Bolivar. Cruzaram ao Brasil em busca de comida, outra viola\u00e7\u00e3o aos direitos humanos ind\u00edgenas por culpa do regime de Maduro\u201d, escreveu, repostando imagens de atendimento a ind\u00edgenas com sinais de desnutri\u00e7\u00e3o. Uma das fotografias \u00e9 da idosa que teria morrido no domingo 22.<\/p>\n\n\n\n<p><\/p>\n\n\n\n<figure class=\"wp-block-image size-full\"><img loading=\"lazy\" width=\"558\" height=\"537\" src=\"http:\/\/dgospel.com.br\/portal\/wp-content\/uploads\/2023\/01\/000000000-2.jpg\" alt=\"\" class=\"wp-image-14528\" srcset=\"https:\/\/dgospel.com.br\/portal\/wp-content\/uploads\/2023\/01\/000000000-2.jpg 558w, https:\/\/dgospel.com.br\/portal\/wp-content\/uploads\/2023\/01\/000000000-2-300x289.jpg 300w\" sizes=\"(max-width: 558px) 100vw, 558px\" \/><\/figure>\n\n\n\n<p>Ind\u00edgena, Guzamana \u00e9 um dos representantes da Regi\u00e3o Amaz\u00f4nica na Assembleia Nacional da Venezuela e tamb\u00e9m integra o Parlamento Amaz\u00f4nico. Antes de difundir a vers\u00e3o de que os ianom\u00e2mis vieram ao Brasil de seu pa\u00eds, ele disse, em entrevista \u00e0&nbsp;<em>Folha de S.Paulo<\/em>, ter ouvido relato de ind\u00edgenas. Autoridades brasileiras n\u00e3o confirmam a vers\u00e3o de Guzamana.<\/p>\n\n\n\n<p>O deputado venezuelano integra o partido Vontade Popular, o mesmo a que pertence l\u00edder da oposi\u00e7\u00e3o venezuelana Juan Guaid\u00f3, que foi reconhecido como presidente do pa\u00eds em 2019, por v\u00e1rias na\u00e7\u00f5es, incluindo Brasil e Estados Unidos, e organiza\u00e7\u00f5es internacionais, como a Organiza\u00e7\u00e3o dos Estados Americanos.<\/p>\n\n\n\n<p>Entrevistado pela&nbsp;<em>Folha de S.Paulo<\/em>, Guzamana disse que \u201cos \u00edndios n\u00e3o t\u00eam fronteiras\u201d. \u201cNa Venezuela n\u00e3o t\u00eam sustento, alimentos, rem\u00e9dios. Muitos vieram ao Brasil em busca da sobreviv\u00eancia.\u201d<\/p>\n","protected":false},"excerpt":{"rendered":"<p>Contrariando a vers\u00e3o das autoridades brasileiras, o deputado da&nbsp;Assembleia Nacional da Venezuela, Romel Guzamana, afirmou que ianom\u00e2mis desnutridos encontrados no Brasil s\u00e3o provenientes da Venezuela. Eles teriam cruzado a fronteira do Estado venezuelano de Bolivar com Roraima para escapar do regime do ditador Nicol\u00e1s Maduro, escreveu Guzamana, que \u00e9 ind\u00edgena da etnia baniva, em uma [&hellip;]<\/p>\n","protected":false},"author":2,"featured_media":14529,"comment_status":"open","ping_status":"open","sticky":false,"template":"","format":"standard","meta":[],"categories":[16],"tags":[],"_links":{"self":[{"href":"https:\/\/dgospel.com.br\/portal\/index.php\/wp-json\/wp\/v2\/posts\/14527"}],"collection":[{"href":"https:\/\/dgospel.com.br\/portal\/index.php\/wp-json\/wp\/v2\/posts"}],"about":[{"href":"https:\/\/dgospel.com.br\/portal\/index.php\/wp-json\/wp\/v2\/types\/post"}],"author":[{"embeddable":true,"href":"https:\/\/dgospel.com.br\/portal\/index.php\/wp-json\/wp\/v2\/users\/2"}],"replies":[{"embeddable":true,"href":"https:\/\/dgospel.com.br\/portal\/index.php\/wp-json\/wp\/v2\/comments?post=14527"}],"version-history":[{"count":1,"href":"https:\/\/dgospel.com.br\/portal\/index.php\/wp-json\/wp\/v2\/posts\/14527\/revisions"}],"predecessor-version":[{"id":14530,"href":"https:\/\/dgospel.com.br\/portal\/index.php\/wp-json\/wp\/v2\/posts\/14527\/revisions\/14530"}],"wp:featuredmedia":[{"embeddable":true,"href":"https:\/\/dgospel.com.br\/portal\/index.php\/wp-json\/wp\/v2\/media\/14529"}],"wp:attachment":[{"href":"https:\/\/dgospel.com.br\/portal\/index.php\/wp-json\/wp\/v2\/media?parent=14527"}],"wp:term":[{"taxonomy":"category","embeddable":true,"href":"https:\/\/dgospel.com.br\/portal\/index.php\/wp-json\/wp\/v2\/categories?post=14527"},{"taxonomy":"post_tag","embeddable":true,"href":"https:\/\/dgospel.com.br\/portal\/index.php\/wp-json\/wp\/v2\/tags?post=14527"}],"curies":[{"name":"wp","href":"https:\/\/api.w.org\/{rel}","templated":true}]}}