{"id":14534,"date":"2023-01-31T08:57:52","date_gmt":"2023-01-31T11:57:52","guid":{"rendered":"http:\/\/dgospel.com.br\/portal\/?p=14534"},"modified":"2023-01-31T09:03:38","modified_gmt":"2023-01-31T12:03:38","slug":"projeto-missionario-siam-sera-realizado-na-assembleia-de-deus-no-povoado-barra-da-estiva","status":"publish","type":"post","link":"https:\/\/dgospel.com.br\/portal\/index.php\/2023\/01\/31\/projeto-missionario-siam-sera-realizado-na-assembleia-de-deus-no-povoado-barra-da-estiva\/","title":{"rendered":"Projeto Mission\u00e1rio SIAM ser\u00e1 realizado na Assembleia de Deus no povoado Barra da Estiva"},"content":{"rendered":"\n<p>A Igreja Assembleia de Deus Minist\u00e9rio CIADSETA, no povoado Barra da Estiva Munic\u00edpio de Goiatins, regi\u00e3o norte do Estado do Tocantins, hospedar\u00e1 a terceira edi\u00e7\u00e3o do Projeto Mission\u00e1rio SIAM. O evento acontecer\u00e1 nos dias 19 a 21 de fevereiro.<\/p>\n\n\n\n<p><\/p>\n\n\n\n<figure class=\"wp-block-image size-full\"><img loading=\"lazy\" width=\"720\" height=\"900\" src=\"http:\/\/dgospel.com.br\/portal\/wp-content\/uploads\/2023\/01\/00000000000000000000-3.jpg\" alt=\"\" class=\"wp-image-14542\" srcset=\"https:\/\/dgospel.com.br\/portal\/wp-content\/uploads\/2023\/01\/00000000000000000000-3.jpg 720w, https:\/\/dgospel.com.br\/portal\/wp-content\/uploads\/2023\/01\/00000000000000000000-3-240x300.jpg 240w\" sizes=\"(max-width: 720px) 100vw, 720px\" \/><\/figure>\n\n\n\n<p>O Projeto onde tem sido realizado tem beneficiado a comunidade com doa\u00e7\u00f5es de roupas, cestas b\u00e1sicas, e prestando Assist\u00eancia Social aos moradores da regi\u00e3o.<\/p>\n\n\n\n<p>O Projeto tem como objetivo arrecadar recursos para ajudar fam\u00edlias carentes e tamb\u00e9m construir casas para os moradores do povoado.<\/p>\n\n\n\n<p><\/p>\n\n\n\n<figure class=\"wp-block-image size-large\"><img loading=\"lazy\" width=\"1024\" height=\"576\" src=\"http:\/\/dgospel.com.br\/portal\/wp-content\/uploads\/2023\/01\/00000000000000000000-2-1024x576.jpg\" alt=\"\" class=\"wp-image-14536\" srcset=\"https:\/\/dgospel.com.br\/portal\/wp-content\/uploads\/2023\/01\/00000000000000000000-2-1024x576.jpg 1024w, https:\/\/dgospel.com.br\/portal\/wp-content\/uploads\/2023\/01\/00000000000000000000-2-300x169.jpg 300w, https:\/\/dgospel.com.br\/portal\/wp-content\/uploads\/2023\/01\/00000000000000000000-2-768x432.jpg 768w, https:\/\/dgospel.com.br\/portal\/wp-content\/uploads\/2023\/01\/00000000000000000000-2.jpg 1280w\" sizes=\"(max-width: 1024px) 100vw, 1024px\" \/><\/figure>\n\n\n\n<p>O evento que ser\u00e1 o encontro de mission\u00e1rios que desenvolve trabalhos de a\u00e7\u00f5es social em v\u00e1rias partes do Brasil e do mundo, contar\u00e1 com a presen\u00e7a de pregadores e cantores de v\u00e1rios estados do Brasil, e tamb\u00e9m de autoridades munic\u00edpio e estado.<\/p>\n\n\n\n<p>O presidente da Igreja hospedeira e do Projeto SIAM, Pastor Jos\u00e9 Pereira e sua esposa mission\u00e1ria Simpl\u00edcia, convida toda a popula\u00e7\u00e3o de Goiatins, Campos lindos e das cidades adjacente para participar deste grandioso evento.<\/p>\n\n\n\n<p><\/p>\n\n\n\n<figure class=\"wp-block-image size-large\"><img loading=\"lazy\" width=\"1024\" height=\"576\" src=\"http:\/\/dgospel.com.br\/portal\/wp-content\/uploads\/2023\/01\/000000000000000000000000000-1024x576.jpg\" alt=\"\" class=\"wp-image-14537\" srcset=\"https:\/\/dgospel.com.br\/portal\/wp-content\/uploads\/2023\/01\/000000000000000000000000000-1024x576.jpg 1024w, https:\/\/dgospel.com.br\/portal\/wp-content\/uploads\/2023\/01\/000000000000000000000000000-300x169.jpg 300w, https:\/\/dgospel.com.br\/portal\/wp-content\/uploads\/2023\/01\/000000000000000000000000000-768x432.jpg 768w, https:\/\/dgospel.com.br\/portal\/wp-content\/uploads\/2023\/01\/000000000000000000000000000.jpg 1280w\" sizes=\"(max-width: 1024px) 100vw, 1024px\" \/><\/figure>\n\n\n\n<p><\/p>\n\n\n\n<p><\/p>\n\n\n\n<figure class=\"wp-block-image size-large\"><img loading=\"lazy\" width=\"1024\" height=\"576\" src=\"http:\/\/dgospel.com.br\/portal\/wp-content\/uploads\/2023\/01\/00000000000000000-1-1024x576.jpg\" alt=\"\" class=\"wp-image-14538\" srcset=\"https:\/\/dgospel.com.br\/portal\/wp-content\/uploads\/2023\/01\/00000000000000000-1-1024x576.jpg 1024w, https:\/\/dgospel.com.br\/portal\/wp-content\/uploads\/2023\/01\/00000000000000000-1-300x169.jpg 300w, https:\/\/dgospel.com.br\/portal\/wp-content\/uploads\/2023\/01\/00000000000000000-1-768x432.jpg 768w, https:\/\/dgospel.com.br\/portal\/wp-content\/uploads\/2023\/01\/00000000000000000-1.jpg 1280w\" sizes=\"(max-width: 1024px) 100vw, 1024px\" \/><\/figure>\n","protected":false},"excerpt":{"rendered":"<p>A Igreja Assembleia de Deus Minist\u00e9rio CIADSETA, no povoado Barra da Estiva Munic\u00edpio de Goiatins, regi\u00e3o norte do Estado do Tocantins, hospedar\u00e1 a terceira edi\u00e7\u00e3o do Projeto Mission\u00e1rio SIAM. O evento acontecer\u00e1 nos dias 19 a 21 de fevereiro. O Projeto onde tem sido realizado tem beneficiado a comunidade com doa\u00e7\u00f5es de roupas, cestas b\u00e1sicas, [&hellip;]<\/p>\n","protected":false},"author":2,"featured_media":14541,"comment_status":"open","ping_status":"open","sticky":false,"template":"","format":"standard","meta":[],"categories":[5],"tags":[],"_links":{"self":[{"href":"https:\/\/dgospel.com.br\/portal\/index.php\/wp-json\/wp\/v2\/posts\/14534"}],"collection":[{"href":"https:\/\/dgospel.com.br\/portal\/index.php\/wp-json\/wp\/v2\/posts"}],"about":[{"href":"https:\/\/dgospel.com.br\/portal\/index.php\/wp-json\/wp\/v2\/types\/post"}],"author":[{"embeddable":true,"href":"https:\/\/dgospel.com.br\/portal\/index.php\/wp-json\/wp\/v2\/users\/2"}],"replies":[{"embeddable":true,"href":"https:\/\/dgospel.com.br\/portal\/index.php\/wp-json\/wp\/v2\/comments?post=14534"}],"version-history":[{"count":2,"href":"https:\/\/dgospel.com.br\/portal\/index.php\/wp-json\/wp\/v2\/posts\/14534\/revisions"}],"predecessor-version":[{"id":14543,"href":"https:\/\/dgospel.com.br\/portal\/index.php\/wp-json\/wp\/v2\/posts\/14534\/revisions\/14543"}],"wp:featuredmedia":[{"embeddable":true,"href":"https:\/\/dgospel.com.br\/portal\/index.php\/wp-json\/wp\/v2\/media\/14541"}],"wp:attachment":[{"href":"https:\/\/dgospel.com.br\/portal\/index.php\/wp-json\/wp\/v2\/media?parent=14534"}],"wp:term":[{"taxonomy":"category","embeddable":true,"href":"https:\/\/dgospel.com.br\/portal\/index.php\/wp-json\/wp\/v2\/categories?post=14534"},{"taxonomy":"post_tag","embeddable":true,"href":"https:\/\/dgospel.com.br\/portal\/index.php\/wp-json\/wp\/v2\/tags?post=14534"}],"curies":[{"name":"wp","href":"https:\/\/api.w.org\/{rel}","templated":true}]}}