{"id":1454,"date":"2018-09-27T11:16:02","date_gmt":"2018-09-27T14:16:02","guid":{"rendered":"http:\/\/dgospel.com.br\/portal\/?p=1454"},"modified":"2018-09-27T11:16:02","modified_gmt":"2018-09-27T14:16:02","slug":"fernanda-brum-passa-mal-e-interromper-agenda-por-uma-semana","status":"publish","type":"post","link":"https:\/\/dgospel.com.br\/portal\/index.php\/2018\/09\/27\/fernanda-brum-passa-mal-e-interromper-agenda-por-uma-semana\/","title":{"rendered":"Fernanda Brum passa mal e interromper agenda por uma semana"},"content":{"rendered":"<p>Fernanda Brum sofreu um mal-estar na \u00faltima quarta-feira, 19 de setembro, e precisou ser socorrida em um hospital. Por esse motivo, a agenda da cantora e pastora precisou ser cancelada at\u00e9 o dia 27 de setembro.<\/p>\n<p>Fernanda Brum foi medicada e passa bem, segundo informa\u00e7\u00f5es de sua assessoria de imprensa. Os m\u00e9dicos prescreveram oito dias de repouso absoluto e afastamento do trabalho.<\/p>\n<p>\u201cOs m\u00e9dicos indicaram repouso e afastamento das atividades nos pr\u00f3ximos 8 dias, a princ\u00edpio. Sendo assim, as agendas de 20 a 27 de setembro de 2018, foram adiadas! Agradecemos a compreens\u00e3o e contamos com as ora\u00e7\u00f5es de todos\u201d, informou a assessoria de imprensa da cantora, atrav\u00e9s das redes sociais.<\/p>\n<p>No ano passado, Fernanda Brum foi diagnosticada com S\u00edndrome de Burnout, uma doen\u00e7a desencadeada pelo esgotamento emocional devido ao excesso de trabalho, de acordo com informa\u00e7\u00f5es do portal\u00a0<a href=\"https:\/\/pleno.news\/entretenimento\/musica\/cantora-fernanda-brum-passa-mal-e-cancela-apresentacoes.html\">Pleno News<\/a>.<\/p>\n<p>Recentemente, a cantora lan\u00e7ou o clipe\u00a0<a href=\"https:\/\/musica.gospelmais.com.br\/nas-maos-oleiro-ludmila-ferber-e-fernanda-brum-35570.html\">A Carta<\/a>, uma m\u00fasica composta como um pedido de desculpas \u00e0 amiga Eyshila, por n\u00e3o ter podido oferecer o suporte necess\u00e1rio durante o luto pela morte de Matheus Oliveira, o primog\u00eanito da amiga. Al\u00e9m disso, Fernanda Brum\u00a0<a href=\"https:\/\/musica.gospelmais.com.br\/a-carta-clipe-fernanda-brum-homenagem-eyshila-35565.html\">gravou um dueto<\/a>\u00a0com a pastora Ludmila Ferber, no \u00e1lbum que ser\u00e1 lan\u00e7ado em breve.<\/p>\n<p>Fonte:\u00a0gospelmais<\/p>\n","protected":false},"excerpt":{"rendered":"<p>Fernanda Brum sofreu um mal-estar na \u00faltima quarta-feira, 19 de setembro, e precisou ser socorrida em um hospital. Por esse motivo, a agenda da cantora e pastora precisou ser cancelada at\u00e9 o dia 27 de setembro. Fernanda Brum foi medicada e passa bem, segundo informa\u00e7\u00f5es de sua assessoria de imprensa. Os m\u00e9dicos prescreveram oito dias [&hellip;]<\/p>\n","protected":false},"author":2,"featured_media":1455,"comment_status":"open","ping_status":"open","sticky":false,"template":"","format":"standard","meta":[],"categories":[2,5,6],"tags":[],"_links":{"self":[{"href":"https:\/\/dgospel.com.br\/portal\/index.php\/wp-json\/wp\/v2\/posts\/1454"}],"collection":[{"href":"https:\/\/dgospel.com.br\/portal\/index.php\/wp-json\/wp\/v2\/posts"}],"about":[{"href":"https:\/\/dgospel.com.br\/portal\/index.php\/wp-json\/wp\/v2\/types\/post"}],"author":[{"embeddable":true,"href":"https:\/\/dgospel.com.br\/portal\/index.php\/wp-json\/wp\/v2\/users\/2"}],"replies":[{"embeddable":true,"href":"https:\/\/dgospel.com.br\/portal\/index.php\/wp-json\/wp\/v2\/comments?post=1454"}],"version-history":[{"count":1,"href":"https:\/\/dgospel.com.br\/portal\/index.php\/wp-json\/wp\/v2\/posts\/1454\/revisions"}],"predecessor-version":[{"id":1456,"href":"https:\/\/dgospel.com.br\/portal\/index.php\/wp-json\/wp\/v2\/posts\/1454\/revisions\/1456"}],"wp:featuredmedia":[{"embeddable":true,"href":"https:\/\/dgospel.com.br\/portal\/index.php\/wp-json\/wp\/v2\/media\/1455"}],"wp:attachment":[{"href":"https:\/\/dgospel.com.br\/portal\/index.php\/wp-json\/wp\/v2\/media?parent=1454"}],"wp:term":[{"taxonomy":"category","embeddable":true,"href":"https:\/\/dgospel.com.br\/portal\/index.php\/wp-json\/wp\/v2\/categories?post=1454"},{"taxonomy":"post_tag","embeddable":true,"href":"https:\/\/dgospel.com.br\/portal\/index.php\/wp-json\/wp\/v2\/tags?post=1454"}],"curies":[{"name":"wp","href":"https:\/\/api.w.org\/{rel}","templated":true}]}}