{"id":14544,"date":"2023-01-31T09:26:37","date_gmt":"2023-01-31T12:26:37","guid":{"rendered":"http:\/\/dgospel.com.br\/portal\/?p=14544"},"modified":"2023-01-31T09:26:37","modified_gmt":"2023-01-31T12:26:37","slug":"tarcisio-falar-com-lula-nao-significa-alinhamento-politico","status":"publish","type":"post","link":"https:\/\/dgospel.com.br\/portal\/index.php\/2023\/01\/31\/tarcisio-falar-com-lula-nao-significa-alinhamento-politico\/","title":{"rendered":"Tarc\u00edsio: \u201cFalar com Lula n\u00e3o significa alinhamento pol\u00edtico\u201d"},"content":{"rendered":"\n<p>Nesta segunda-feira (30), o governador de S\u00e3o Paulo, Tarc\u00edsio de Freitas, falou sobre sua rela\u00e7\u00e3o com o presidente Luiz In\u00e1cio Lula da Silva e explicou que conversar com o petista n\u00e3o significa \u201calinhamento pol\u00edtico\u201d. De acordo com ele, \u00e9 preciso governar para todos e \u201colhar o interesse\u201d de S\u00e3o Paulo em primeiro lugar.<\/p>\n\n\n\n<p>A declara\u00e7\u00e3o de Tarc\u00edsio ocorreu durante entrevista ao programa P\u00e2nico, da Jovem Pan.<\/p>\n\n\n\n<p>\u2013 Sou governador de s\u00e3o Paulo. Ent\u00e3o fui eleito pelo meu povo, que \u00e9 um p\u00fablico bolsonarista, um p\u00fablico de centro-direita, mas tem que governar para todos e olhar o interesse do Estado em primeiro lugar. \u00c9 natural que eu converse com o presidente da Rep\u00fablica e vou manter a conversa no livro republicano. E conversar n\u00e3o significa alinhamento pol\u00edtico de maneira nenhuma \u2013 ressaltou.<\/p>\n\n\n\n<p>O governador explicou que conversou com Lula sobre a privatiza\u00e7\u00e3o do Porto de Santos. O petista disse ser contra privatiza\u00e7\u00f5es, mas afirmou que est\u00e1 aberto a ouvir a proposta do governo paulista e pode mudar de ideia.<\/p>\n\n\n\n<p>\u2013 Ele disse: \u201cEu, em princ\u00edpio, sou contra a privatiza\u00e7\u00e3o, mas n\u00e3o tenho dogma. Fa\u00e7a uma apresenta\u00e7\u00e3o para a nossa turma, para o ministro da Casa Civil, para o PPI, para o ministro de Portos. Se eu for convencido que a coisa \u00e9 boa, de repente a gente at\u00e9 muda de opini\u00e3o e pode tocar\u201d \u2013 apontou.<\/p>\n\n\n\n<p>O encontro entre Lula e Tarc\u00edsio ocorreu em 11 de janeiro.<\/p>\n","protected":false},"excerpt":{"rendered":"<p>Nesta segunda-feira (30), o governador de S\u00e3o Paulo, Tarc\u00edsio de Freitas, falou sobre sua rela\u00e7\u00e3o com o presidente Luiz In\u00e1cio Lula da Silva e explicou que conversar com o petista n\u00e3o significa \u201calinhamento pol\u00edtico\u201d. De acordo com ele, \u00e9 preciso governar para todos e \u201colhar o interesse\u201d de S\u00e3o Paulo em primeiro lugar. A declara\u00e7\u00e3o [&hellip;]<\/p>\n","protected":false},"author":2,"featured_media":14545,"comment_status":"open","ping_status":"open","sticky":false,"template":"","format":"standard","meta":[],"categories":[4],"tags":[13],"_links":{"self":[{"href":"https:\/\/dgospel.com.br\/portal\/index.php\/wp-json\/wp\/v2\/posts\/14544"}],"collection":[{"href":"https:\/\/dgospel.com.br\/portal\/index.php\/wp-json\/wp\/v2\/posts"}],"about":[{"href":"https:\/\/dgospel.com.br\/portal\/index.php\/wp-json\/wp\/v2\/types\/post"}],"author":[{"embeddable":true,"href":"https:\/\/dgospel.com.br\/portal\/index.php\/wp-json\/wp\/v2\/users\/2"}],"replies":[{"embeddable":true,"href":"https:\/\/dgospel.com.br\/portal\/index.php\/wp-json\/wp\/v2\/comments?post=14544"}],"version-history":[{"count":1,"href":"https:\/\/dgospel.com.br\/portal\/index.php\/wp-json\/wp\/v2\/posts\/14544\/revisions"}],"predecessor-version":[{"id":14546,"href":"https:\/\/dgospel.com.br\/portal\/index.php\/wp-json\/wp\/v2\/posts\/14544\/revisions\/14546"}],"wp:featuredmedia":[{"embeddable":true,"href":"https:\/\/dgospel.com.br\/portal\/index.php\/wp-json\/wp\/v2\/media\/14545"}],"wp:attachment":[{"href":"https:\/\/dgospel.com.br\/portal\/index.php\/wp-json\/wp\/v2\/media?parent=14544"}],"wp:term":[{"taxonomy":"category","embeddable":true,"href":"https:\/\/dgospel.com.br\/portal\/index.php\/wp-json\/wp\/v2\/categories?post=14544"},{"taxonomy":"post_tag","embeddable":true,"href":"https:\/\/dgospel.com.br\/portal\/index.php\/wp-json\/wp\/v2\/tags?post=14544"}],"curies":[{"name":"wp","href":"https:\/\/api.w.org\/{rel}","templated":true}]}}