{"id":14547,"date":"2023-01-31T09:33:52","date_gmt":"2023-01-31T12:33:52","guid":{"rendered":"http:\/\/dgospel.com.br\/portal\/?p=14547"},"modified":"2023-01-31T09:33:54","modified_gmt":"2023-01-31T12:33:54","slug":"presidente-do-pl-promove-jantar-e-recebe-michelle-bolsonaro","status":"publish","type":"post","link":"https:\/\/dgospel.com.br\/portal\/index.php\/2023\/01\/31\/presidente-do-pl-promove-jantar-e-recebe-michelle-bolsonaro\/","title":{"rendered":"Presidente do PL promove jantar e recebe Michelle Bolsonaro"},"content":{"rendered":"\n<p>O presidente do Partido Liberal (PL),&nbsp;<a href=\"http:\/\/pleno.news\/tag\/valdemar-costa-neto\" target=\"_blank\" rel=\"noreferrer noopener\">Valdemar Costa Neto<\/a>, promoveu nesta segunda-feira (30) um jantar em Bras\u00edlia com as bancadas eleitas da sigla no Senado e na C\u00e2mara. O encontro de boas-vindas tamb\u00e9m serviu para mobilizar o apoio do PL \u00e0 candidatura de Rog\u00e9rio Marinho ao posto de presidente do Senado. A ex-primeira-dama&nbsp;<a href=\"http:\/\/pleno.news\/tag\/michelle-bolsonaro\" target=\"_blank\" rel=\"noreferrer noopener\">Michelle Bolsonaro<\/a>&nbsp;participou do evento.<\/p>\n\n\n\n<p>Na chegada ao local do jantar, Michelle foi questionada por jornalistas sobre quando o ex-presidente Jair Bolsonaro (PL) retornaria ao Brasil. Em reposta, a ex-primeira-dama disse que Bolsonaro est\u00e1 \u201cdescansando\u201d e n\u00e3o estabeleceu uma data exata. No \u00faltimo s\u00e1bado (28), o senador Fl\u00e1vio Bolsonaro (PL) tamb\u00e9m comentou o assunto e disse n\u00e3o saber quando o pai retornar\u00e1.<\/p>\n\n\n\n<p>\u2013 N\u00e3o tem previs\u00e3o. Pode ser amanh\u00e3, pode ser daqui uns seis meses, pode n\u00e3o voltar nunca. N\u00e3o sei \u2013 disse Fl\u00e1vio na ocasi\u00e3o.<\/p>\n\n\n\n<p>Ap\u00f3s o jantar, Michelle fez quest\u00e3o de refor\u00e7ar o apoio a Marinho com uma postagem nos stories do Instagram no qual escreveu: \u201cO Senado precisa mudar. Presidente Rog\u00e9rio Marinho\u201d. Ao discursar, Marinho defendeu que sua candidatura \u00e9 para dar independ\u00eancia ao Senado e ressaltou que \u201cnada \u00e9 mais importante que a nossa liberdade\u201d.<\/p>\n\n\n\n<p>\u2013 A democracia e sua ess\u00eancia s\u00f3 sobrevive no di\u00e1logo. Vamos vencer a elei\u00e7\u00e3o pelo bem do povo \u2013 ressaltou.<\/p>\n\n\n\n<p>Al\u00e9m da presen\u00e7a de Michelle, o jantar tamb\u00e9m reuniu ex-ministros de Bolsonaro, como Jo\u00e3o Roma (Cidadania) Marcos Pontes (Ci\u00eancia e Tecnologia), senador eleito por S\u00e3o Paulo. O ex-secret\u00e1rio de Cultura Mario Frias, eleito deputado federal no mesmo estado, tamb\u00e9m participou do encontro.<\/p>\n\n\n\n<p>Outros pol\u00edticos da lideran\u00e7a do PL tamb\u00e9m estiveram presentes no jantar, como os l\u00edderes do PL na C\u00e2mara, Altineu C\u00f4rtes (PL-RJ) e no Senado Federal, Fl\u00e1vio Bolsonaro (PL-RJ). A senadora eleita e l\u00edder do PP, Tereza Cristina, ex-ministra da Agricultura, foi outra integrante da bancada de ex-ministros de Bolsonaro a marcar presen\u00e7a no evento.<\/p>\n\n\n\n<p>De acordo com o jornal O Estado de S\u00e3o Paulo, um n\u00facleo de senadores aliados de Bolsonaro se reuniu ap\u00f3s o jantar na casa do senador Wilder Morais (PL-GO) para avaliar o cen\u00e1rio da elei\u00e7\u00e3o para o comando do Senado e contar os votos que Rog\u00e9rio Marinho possui.<\/p>\n","protected":false},"excerpt":{"rendered":"<p>O presidente do Partido Liberal (PL),&nbsp;Valdemar Costa Neto, promoveu nesta segunda-feira (30) um jantar em Bras\u00edlia com as bancadas eleitas da sigla no Senado e na C\u00e2mara. O encontro de boas-vindas tamb\u00e9m serviu para mobilizar o apoio do PL \u00e0 candidatura de Rog\u00e9rio Marinho ao posto de presidente do Senado. A ex-primeira-dama&nbsp;Michelle Bolsonaro&nbsp;participou do evento. [&hellip;]<\/p>\n","protected":false},"author":2,"featured_media":14548,"comment_status":"open","ping_status":"open","sticky":false,"template":"","format":"standard","meta":[],"categories":[4],"tags":[],"_links":{"self":[{"href":"https:\/\/dgospel.com.br\/portal\/index.php\/wp-json\/wp\/v2\/posts\/14547"}],"collection":[{"href":"https:\/\/dgospel.com.br\/portal\/index.php\/wp-json\/wp\/v2\/posts"}],"about":[{"href":"https:\/\/dgospel.com.br\/portal\/index.php\/wp-json\/wp\/v2\/types\/post"}],"author":[{"embeddable":true,"href":"https:\/\/dgospel.com.br\/portal\/index.php\/wp-json\/wp\/v2\/users\/2"}],"replies":[{"embeddable":true,"href":"https:\/\/dgospel.com.br\/portal\/index.php\/wp-json\/wp\/v2\/comments?post=14547"}],"version-history":[{"count":1,"href":"https:\/\/dgospel.com.br\/portal\/index.php\/wp-json\/wp\/v2\/posts\/14547\/revisions"}],"predecessor-version":[{"id":14549,"href":"https:\/\/dgospel.com.br\/portal\/index.php\/wp-json\/wp\/v2\/posts\/14547\/revisions\/14549"}],"wp:featuredmedia":[{"embeddable":true,"href":"https:\/\/dgospel.com.br\/portal\/index.php\/wp-json\/wp\/v2\/media\/14548"}],"wp:attachment":[{"href":"https:\/\/dgospel.com.br\/portal\/index.php\/wp-json\/wp\/v2\/media?parent=14547"}],"wp:term":[{"taxonomy":"category","embeddable":true,"href":"https:\/\/dgospel.com.br\/portal\/index.php\/wp-json\/wp\/v2\/categories?post=14547"},{"taxonomy":"post_tag","embeddable":true,"href":"https:\/\/dgospel.com.br\/portal\/index.php\/wp-json\/wp\/v2\/tags?post=14547"}],"curies":[{"name":"wp","href":"https:\/\/api.w.org\/{rel}","templated":true}]}}