{"id":14553,"date":"2023-02-01T10:57:12","date_gmt":"2023-02-01T13:57:12","guid":{"rendered":"http:\/\/dgospel.com.br\/portal\/?p=14553"},"modified":"2023-02-01T10:57:14","modified_gmt":"2023-02-01T13:57:14","slug":"grupo-de-advogados-protocola-pedido-de-impeachment-de-lula","status":"publish","type":"post","link":"https:\/\/dgospel.com.br\/portal\/index.php\/2023\/02\/01\/grupo-de-advogados-protocola-pedido-de-impeachment-de-lula\/","title":{"rendered":"Grupo de advogados protocola pedido de impeachment de Lula"},"content":{"rendered":"\n<p>Os&nbsp;advogados integrantes do&nbsp;Movimento Advogados Pr\u00f3-Brasil&nbsp;e&nbsp;Ordem para Advocacia&nbsp;comunicam que tomaram conhecimento que na&nbsp;noite de segunda-feira (31) o atual presidente Lula da Silva, durante a abertura da exposi\u00e7\u00e3o&nbsp;<em>Pueblos&nbsp;Originarios-Guerreros&nbsp;del<\/em>&nbsp;Tiempo, no Centro Cultural Kirchner, em Buenos Aires, Argentina, afirmou&nbsp;expressamente&nbsp;que&nbsp;a ex-presidente Dilma Roussef sofreu um&nbsp;<em>\u201cgolpe de estado\u201d<\/em>, e n\u00e3o um leg\u00edtimo processo constitucional de impeachment.<\/p>\n\n\n\n<p>A fala de Lula&nbsp;foi&nbsp;proferida como Chefe de Estado e Chefe de Governo&nbsp;contraria o leg\u00edtimo&nbsp;e constitucional&nbsp;processo de impeachment (DCR 1\/2015) que passou pelo crivo do Poder Legislativo, representado pelo Congresso Nacional, e supervis\u00e3o do Poder Judici\u00e1rio, representado pelo Supremo Tribunal Federal.<\/p>\n\n\n\n<p>Supostamente cometeu&nbsp;<strong><em>crimes de&nbsp;Fakenews<\/em><\/strong>&nbsp;e de&nbsp;<strong><em>Atos Antidemocr\u00e1ticos<\/em><\/strong>, segundo posicionamento que a Suprema Corte tem delineado no pa\u00eds, raz\u00e3o pela qual, os advogados signat\u00e1rios com apoio de mais de 500 advogados protocolaram peti\u00e7\u00e3o pedindo a inclus\u00e3o e investiga\u00e7\u00e3o de Lula, conforme registro de protocolo abaixo indicado:<\/p>\n\n\n\n<p>Por estar na Presid\u00eancia da Rep\u00fablica, tem foro privilegiado,\u00a0e\u00a0portanto, deve ser julgado pelo Supremo Tribunal Federal. Para tanto, a ORPA \u2013 Ordem para Advocacia, por seus representantes nacionais, peticionou\u00a0nos \u00a0Inqu\u00e9ritos\u00a04874 e 4879., de Relatoria do Ministro Alexandre de Moraes, pedindo que inclua Lula da Silva nas investiga\u00e7\u00f5es dos crimes citados, assim como se tem feito com tantos outros, no uso da mesma r\u00e9gua da isonomia de que trata o art. 5\u00ba, da Constitui\u00e7\u00e3o.<\/p>\n\n\n\n<p>O&nbsp;caso \u00e9 deveras grave, na medida em que, se o impeachment&nbsp;da&nbsp;ex-presidente Dilma&nbsp;Roussef&nbsp;foiileg\u00edtimo&nbsp;e constitucional, ent\u00e3o, o ex-Presidente Michel Temer&nbsp;foi ileg\u00edtimo e, por conseguinte, sua indica\u00e7\u00e3o a Ministro do Supremo Tribunal Federal, representado pelo jurista Alexandre de Moraes, tamb\u00e9m seria ileg\u00edtima.<\/p>\n\n\n\n<p><a href=\"https:\/\/folhadoestadoonline.com.br\/wp-content\/uploads\/2023\/02\/1-Peticao-Inq-4874-e-4879-Lula-golpe-Dilma_tarja.pdf\">1-Peticao-Inq-4874-e-4879-Lula-golpe-Dilma_tarja<\/a><\/p>\n\n\n\n<p>Terra Brasil Not\u00edcias<\/p>\n","protected":false},"excerpt":{"rendered":"<p>Os&nbsp;advogados integrantes do&nbsp;Movimento Advogados Pr\u00f3-Brasil&nbsp;e&nbsp;Ordem para Advocacia&nbsp;comunicam que tomaram conhecimento que na&nbsp;noite de segunda-feira (31) o atual presidente Lula da Silva, durante a abertura da exposi\u00e7\u00e3o&nbsp;Pueblos&nbsp;Originarios-Guerreros&nbsp;del&nbsp;Tiempo, no Centro Cultural Kirchner, em Buenos Aires, Argentina, afirmou&nbsp;expressamente&nbsp;que&nbsp;a ex-presidente Dilma Roussef sofreu um&nbsp;\u201cgolpe de estado\u201d, e n\u00e3o um leg\u00edtimo processo constitucional de impeachment. A fala de Lula&nbsp;foi&nbsp;proferida como [&hellip;]<\/p>\n","protected":false},"author":2,"featured_media":14554,"comment_status":"open","ping_status":"open","sticky":false,"template":"","format":"standard","meta":[],"categories":[4],"tags":[13],"_links":{"self":[{"href":"https:\/\/dgospel.com.br\/portal\/index.php\/wp-json\/wp\/v2\/posts\/14553"}],"collection":[{"href":"https:\/\/dgospel.com.br\/portal\/index.php\/wp-json\/wp\/v2\/posts"}],"about":[{"href":"https:\/\/dgospel.com.br\/portal\/index.php\/wp-json\/wp\/v2\/types\/post"}],"author":[{"embeddable":true,"href":"https:\/\/dgospel.com.br\/portal\/index.php\/wp-json\/wp\/v2\/users\/2"}],"replies":[{"embeddable":true,"href":"https:\/\/dgospel.com.br\/portal\/index.php\/wp-json\/wp\/v2\/comments?post=14553"}],"version-history":[{"count":1,"href":"https:\/\/dgospel.com.br\/portal\/index.php\/wp-json\/wp\/v2\/posts\/14553\/revisions"}],"predecessor-version":[{"id":14555,"href":"https:\/\/dgospel.com.br\/portal\/index.php\/wp-json\/wp\/v2\/posts\/14553\/revisions\/14555"}],"wp:featuredmedia":[{"embeddable":true,"href":"https:\/\/dgospel.com.br\/portal\/index.php\/wp-json\/wp\/v2\/media\/14554"}],"wp:attachment":[{"href":"https:\/\/dgospel.com.br\/portal\/index.php\/wp-json\/wp\/v2\/media?parent=14553"}],"wp:term":[{"taxonomy":"category","embeddable":true,"href":"https:\/\/dgospel.com.br\/portal\/index.php\/wp-json\/wp\/v2\/categories?post=14553"},{"taxonomy":"post_tag","embeddable":true,"href":"https:\/\/dgospel.com.br\/portal\/index.php\/wp-json\/wp\/v2\/tags?post=14553"}],"curies":[{"name":"wp","href":"https:\/\/api.w.org\/{rel}","templated":true}]}}