{"id":14556,"date":"2023-02-01T11:08:29","date_gmt":"2023-02-01T14:08:29","guid":{"rendered":"http:\/\/dgospel.com.br\/portal\/?p=14556"},"modified":"2023-02-01T11:08:30","modified_gmt":"2023-02-01T14:08:30","slug":"wanderlei-barbosa-inicia-novo-mandato-com-reforco-na-seguranca-publica-saude-e-anuncio-de-concursos-publicos","status":"publish","type":"post","link":"https:\/\/dgospel.com.br\/portal\/index.php\/2023\/02\/01\/wanderlei-barbosa-inicia-novo-mandato-com-reforco-na-seguranca-publica-saude-e-anuncio-de-concursos-publicos\/","title":{"rendered":"Wanderlei Barbosa inicia novo mandato com refor\u00e7o na Seguran\u00e7a P\u00fablica, Sa\u00fade e an\u00fancio de concursos p\u00fablicos"},"content":{"rendered":"\n<p>O governador Wanderlei Barbosa iniciou sua nova gest\u00e3o (2023-2026) com atua\u00e7\u00e3o efetiva junto ao Governo Federal em defesa das demandas do Tocantins e dos anseios da popula\u00e7\u00e3o. O gestor tamb\u00e9m esteve presente de norte a sul do Estado levando a\u00e7\u00f5es do Governo do Tocantins, al\u00e9m de j\u00e1, nos primeiros dias do m\u00eas, ter criado as Secretarias de Estado da Mulher e dos Povos Origin\u00e1rios, voltadas para aten\u00e7\u00e3o e acompanhamento de a\u00e7\u00f5es e pol\u00edticas p\u00fablicas de atendimento ao p\u00fablico feminino e aos povos ind\u00edgenas e quilombolas do Tocantins.&nbsp;<\/p>\n\n\n\n<p>Ainda no \u00e2mbito administrativo, o Governador deu continuidade \u00e0 moderniza\u00e7\u00e3o e \u00e0 adequa\u00e7\u00e3o administrativa do Governo do Tocantins com a cria\u00e7\u00e3o da Secretaria de Estado da Pesca e Aquicultura. A pasta tem como atribui\u00e7\u00e3o executar a\u00e7\u00f5es governamentais para o fomento de pesquisas e atividades produtivas e de comercializa\u00e7\u00e3o relacionadas \u00e0 pesca e \u00e0 aquicultura, abrangendo a experimenta\u00e7\u00e3o, a produ\u00e7\u00e3o, a armazenagem e a comercializa\u00e7\u00e3o de produtos da atividade pesqueira, que tem amplo potencial de expans\u00e3o no Tocantins.<\/p>\n\n\n\n<p><strong>Novo efetivo da PM e Concursos<\/strong><\/p>\n\n\n\n<p>Com foco na amplia\u00e7\u00e3o de servi\u00e7os essenciais e no atendimento aos principais anseios da sociedade tocantinense, no dia 19 de janeiro, Wanderlei Barbosa participou da formatura de 958 servidores da seguran\u00e7a p\u00fablica, alunos-soldados da Pol\u00edcia Militar (PM\/TO) que agora est\u00e3o atuando nos 139 munic\u00edpios do Tocantins. Na solenidade, al\u00e9m do refor\u00e7o no efetivo da corpora\u00e7\u00e3o com mais de 900 servidores preparados e aptos \u00e0s atividades, o governador Wanderlei Barbosa anunciou a realiza\u00e7\u00e3o de um novo concurso com previs\u00e3o de 600 novas vagas para o efetivo da Pol\u00edcia Militar e a cria\u00e7\u00e3o de novas cinco Unidades da Pol\u00edcia Militar (UPMs).<\/p>\n\n\n\n<p>A cria\u00e7\u00e3o das unidades administrativas da Pol\u00edcia Militar faz parte da atua\u00e7\u00e3o do Governo do Tocantins em realizar a descentraliza\u00e7\u00e3o da a\u00e7\u00e3o das for\u00e7as de seguran\u00e7a e ampliar a estrutura da corpora\u00e7\u00e3o no Estado. O an\u00fancio da abertura dos Batalh\u00f5es de Dian\u00f3polis, Arraias e Taguatinga na regi\u00e3o sudeste; e das Companhias Independentes em Xambio\u00e1, Luzimangues e Alvorada, recebeu aplausos da plateia que acompanhava o evento de formatura dos alunos-soldados, na Pra\u00e7a dos Girass\u00f3is em Palmas.&nbsp;<\/p>\n\n\n\n<p>Wanderlei Barbosa reafirmou o compromisso com a seguran\u00e7a e enfatizou que o ambiente seguro e de paz no Tocantins \u00e9 prioridade. \u201cO nosso compromisso \u00e9 cuidar das pessoas e investir nos tr\u00eas pilares de estrutura das for\u00e7as de seguran\u00e7a que s\u00e3o o efetivo, a infraestrutura e a forma\u00e7\u00e3o que integram a proposta de estabelecer um estado seguro. Essa \u00e9 mais uma a\u00e7\u00e3o para garantir o Tocantins com seguran\u00e7a para viver e tamb\u00e9m para quem quer investir no Estado\u201d, enfatiza.&nbsp; &nbsp;<\/p>\n\n\n\n<p>Ainda na \u00e1rea de seguran\u00e7a p\u00fablica, em atua\u00e7\u00e3o coordenada com a prote\u00e7\u00e3o e a conserva\u00e7\u00e3o ambiental, o Governador esteve na 2\u00aa Companhia do Batalh\u00e3o Ambiental de Aragua\u00edna para inaugurar e visitar a unidade revitalizada. No evento realizado pela Pol\u00edcia Militar, pelo Tribunal de Justi\u00e7a e pelo Juizado Especial Criminal e C\u00edvel do munic\u00edpio, tamb\u00e9m foram entregues equipamentos operacionais para monitoramento e atua\u00e7\u00e3o dos servidores, bem como para a infraestrutura da unidade da Pol\u00edcia Militar especializada.<\/p>\n\n\n\n<p>A a\u00e7\u00e3o do Governo do Tocantins tamb\u00e9m contou com a entrega na Secretaria de Estado da Seguran\u00e7a P\u00fablica, no \u00faltimo dia 26, de equipamentos de tecnologia e inform\u00e1tica para prover o aparelhamento das for\u00e7as de seguran\u00e7a. A destina\u00e7\u00e3o dos itens foi realizada para a Pol\u00edcia Civil, a Pol\u00edcia Cient\u00edfica, o Corpo de Bombeiros Militar e as Delegacias de Atendimento a Vulner\u00e1veis do Estado.<\/p>\n\n\n\n<p>Seguindo recomenda\u00e7\u00e3o do governador Wanderlei Barbosa ainda acerca de concursos, a Ag\u00eancia de Fomento publicou portaria que disp\u00f5e sobre a cria\u00e7\u00e3o da Comiss\u00e3o de Coordena\u00e7\u00e3o do primeiro concurso p\u00fablico da autarquia. A referida Comiss\u00e3o tem a miss\u00e3o de organizar, operacionalizar, acompanhar e fiscalizar todas as fases do certame. O edital deve ser lan\u00e7ado provavelmente no m\u00eas de maio ap\u00f3s contrata\u00e7\u00e3o de empresa respons\u00e1vel e a aplica\u00e7\u00e3o das provas deve ocorrer no m\u00eas de agosto deste ano.<\/p>\n\n\n\n<p><strong>Log\u00edstica e habita\u00e7\u00e3o<\/strong><\/p>\n\n\n\n<p>No Pal\u00e1cio do Planalto em Bras\u00edlia (DF), o governador Wanderlei Barbosa participou da primeira reuni\u00e3o realizada pelo Presidente da Rep\u00fablica, Lu\u00eds In\u00e1cio Lula da Silva, com os governadores dos 26 estados da Federa\u00e7\u00e3o e do Distrito Federal. No encontro, que ocorreu no dia 27 de janeiro, Wanderlei Barbosa apresentou como principais demandas do Governo do Tocantins junto ao Governo Federal a realiza\u00e7\u00e3o de obras de infraestrutura log\u00edstica e de integra\u00e7\u00e3o nacional; e a amplia\u00e7\u00e3o de investimentos no programa de habita\u00e7\u00e3o para atender \u00e0 popula\u00e7\u00e3o tocantinense.&nbsp;<\/p>\n\n\n\n<p><strong>Aten\u00e7\u00e3o \u00e0 sa\u00fade<\/strong><\/p>\n\n\n\n<p>Na \u00e1rea da Sa\u00fade, o governador Wanderlei Barbosa anunciou a aquisi\u00e7\u00e3o do terreno para a constru\u00e7\u00e3o do Hospital da Mulher e Maternidade Dona Regina (HMDR), em Palmas. A doa\u00e7\u00e3o do terreno \u00e0 Secretaria de Estado da Sa\u00fade (SES-TO) para constru\u00e7\u00e3o do HMDR, obra que integra o plano de governo de Wanderlei Barbosa, foi publicada no Decreto n\u00b0 6.550\/2022, do Di\u00e1rio Oficial do Estado n\u00b0 6.259, no dia 27 de janeiro.&nbsp;<\/p>\n\n\n\n<p>O Chefe do executivo tamb\u00e9m esteve em reuni\u00e3o com a comiss\u00e3o de servidores e profissionais do Hospital Dona Regina para atender demandas da unidade. Ap\u00f3s a reuni\u00e3o com os servidores e os profissionais da sa\u00fade no Hospital Dona Regina, Wanderlei Barbosa determinou provid\u00eancias relacionadas ao atendimento imediato, considerando quest\u00f5es de regula\u00e7\u00e3o de materiais e insumos necess\u00e1rios para os procedimentos m\u00e9dicos. A orienta\u00e7\u00e3o do Governador \u00e9 que a SES-TO acompanhe as unidades de sa\u00fade e a contrata\u00e7\u00e3o de profissionais m\u00e9dicos, visando \u00e0 qualidade de atendimento e ao bem-estar da popula\u00e7\u00e3o.&nbsp;<\/p>\n\n\n\n<p>Em Aragua\u00edna, no dia 25 de janeiro, Wanderlei Barbosa realizou visita t\u00e9cnica para acompanhar a execu\u00e7\u00e3o das obras do Hospital Geral de Aragua\u00edna (HGA), unidade estrat\u00e9gica para a descentraliza\u00e7\u00e3o do atendimento \u00e0 sa\u00fade do Estado.&nbsp;<\/p>\n\n\n\n<p><strong>Educa\u00e7\u00e3o e parcerias&nbsp;<\/strong><\/p>\n\n\n\n<p>O processo de educa\u00e7\u00e3o e aprendizagem, realizado pela Secretaria de Estado de Educa\u00e7\u00e3o (Seduc), recebeu apoio e refor\u00e7o do Governo do Tocantins no per\u00edodo de prepara\u00e7\u00e3o para retorno \u00e0s aulas. Equipamentos foram entregues para atender a\u00e7\u00f5es do&nbsp;<em>Projeto TO Ligado<\/em>&nbsp;e direcionados a 31 escolas da rede estadual e 17 escolas da rede municipal.<\/p>\n\n\n\n<p>Na diretriz de moderniza\u00e7\u00e3o tecnol\u00f3gica da rede de ensino, a gest\u00e3o do governador Wanderlei Barbosa tamb\u00e9m repassou 305 computadores de mesa para 74 unidades de ensino da rede estadual que integram a Delegacia Regional de Ensino de Aragua\u00edna. Os equipamentos v\u00e3o proporcionar um melhor atendimento e a presta\u00e7\u00e3o de servi\u00e7o \u00e0s comunidades escolares nas \u00e1reas administrativas das unidades de ensino.&nbsp;<\/p>\n\n\n\n<p>J\u00e1 finalizando o m\u00eas, por determina\u00e7\u00e3o do Governador, a Secretaria de Parcerias e Investimentos (SPI) apresentou, durante reuni\u00e3o ordin\u00e1ria do Conselho de Parcerias e Investimentos do Estado do Tocantins (CPPI-Tocantins), avan\u00e7os do cronograma do projeto de implanta\u00e7\u00e3o da Loteria Estadual. No encontro, foram pontuados os pr\u00f3ximos passos autorizando a fase de di\u00e1logo p\u00fablico. A expectativa \u00e9 de que, nas pr\u00f3ximas semanas, a minuta do edital de licita\u00e7\u00e3o seja disponibilizada para consulta p\u00fablica.<\/p>\n\n\n\n<p>Wanderlei Barbosa tamb\u00e9m se reuniu com gestores da BRK Ambiental para avaliar o plano estrat\u00e9gico em saneamento b\u00e1sico para as cidades tocantinenses atendidas pela empresa. Os investimentos previstos chegam a R$ 1,6 bilh\u00e3o para os pr\u00f3ximos cinco anos. Ao todo, 47 cidades do Estado s\u00e3o atendidas pela BRK Ambiental que realiza abastecimento de \u00e1gua e tratamento de esgoto sanit\u00e1rio.<\/p>\n\n\n\n<p><img src=\"https:\/\/central.to.gov.br\/image\/317172?w=670&amp;h=383\"><\/p>\n\n\n\n<p>Wanderlei Barbosa anunciou a realiza\u00e7\u00e3o de concurso para o efetivo da Pol\u00edcia Militar e criou novas cinco Unidades da Pol\u00edcia Militar (UPMs) &#8211; Tomaz Neto\/Governo do Tocantins\u00a0<\/p>\n\n\n\n<p><img src=\"https:\/\/central.to.gov.br\/image\/317173?w=670&amp;h=383\"><\/p>\n\n\n\n<p>Governo do Tocantins participou da primeira reuni\u00e3o realizada pelo Presidente da Rep\u00fablica, Lu\u00eds In\u00e1cio Lula da Silva, com os governadores &#8211; Ricardo Stuckert\/Governo do Tocantins\u00a0<\/p>\n\n\n\n<p><img src=\"https:\/\/central.to.gov.br\/image\/317174?w=670&amp;h=383\"><\/p>\n\n\n\n<p>Investimentos destinados \u00e0 infraestrutura log\u00edstica e \u00e0 habita\u00e7\u00e3o est\u00e3o entre as prioridades apresentadas ao Governo Federal &#8211; Ageto\/Governo do Tocantins\u00a0<\/p>\n\n\n\n<p><img src=\"https:\/\/central.to.gov.br\/image\/317175?w=670&amp;h=383\"><\/p>\n\n\n\n<p>Na \u00e1rea da Sa\u00fade, o governador Wanderlei Barbosa anunciou a aquisi\u00e7\u00e3o do terreno para a constru\u00e7\u00e3o do Hospital da Mulher e Maternidade Dona Regina, em Palmas &#8211; Antonio Gon\u00e7alves\/Governo do Tocantins\u00a0<\/p>\n\n\n\n<p><img src=\"https:\/\/central.to.gov.br\/image\/317176?w=670&amp;h=383\"><\/p>\n\n\n\n<p>Wanderlei Barbosa esteve em visita t\u00e9cnica para acompanhar a execu\u00e7\u00e3o das obras do Hospital Geral de Aragua\u00edna (HGA) &#8211; Esequias Ara\u00fajo\/Governo do Tocantins\u00a0<\/p>\n\n\n\n<p><img src=\"https:\/\/central.to.gov.br\/image\/317177?w=670&amp;h=383\"><\/p>\n\n\n\n<p>Neste primeiro m\u00eas da gest\u00e3o, foram criadas as Secretarias de Estado da Mulher, dos Povos Origin\u00e1rios e da Pesca e Aquicultura &#8211; Jo\u00e3o Di Pietro\/Governo do Tocantins<\/p>\n\n\n\n<p><img src=\"https:\/\/central.to.gov.br\/image\/317178?w=670&amp;h=383\"><\/p>\n\n\n\n<p>Processo de educa\u00e7\u00e3o e aprendizagem e a\u00e7\u00f5es do programa TO Ligado receberam apoio e refor\u00e7o do Governo do Tocantins &#8211; Esequias Ara\u00fajo\/Governo do Tocantins\u00a0<\/p>\n\n\n\n<p><img src=\"https:\/\/central.to.gov.br\/image\/317179?w=670&amp;h=383\"><\/p>\n\n\n\n<p>Governador reuniu-se com gestores da BRK Ambiental para avaliar plano estrat\u00e9gico em saneamento b\u00e1sico com investimentos previstos de R$ 1,6 bilh\u00e3o para os pr\u00f3ximos anos &#8211; Antonio Gon\u00e7alves\/Governo do Tocantins<\/p>\n","protected":false},"excerpt":{"rendered":"<p>O governador Wanderlei Barbosa iniciou sua nova gest\u00e3o (2023-2026) com atua\u00e7\u00e3o efetiva junto ao Governo Federal em defesa das demandas do Tocantins e dos anseios da popula\u00e7\u00e3o. O gestor tamb\u00e9m esteve presente de norte a sul do Estado levando a\u00e7\u00f5es do Governo do Tocantins, al\u00e9m de j\u00e1, nos primeiros dias do m\u00eas, ter criado as [&hellip;]<\/p>\n","protected":false},"author":2,"featured_media":14557,"comment_status":"open","ping_status":"open","sticky":false,"template":"","format":"standard","meta":[],"categories":[3],"tags":[13],"_links":{"self":[{"href":"https:\/\/dgospel.com.br\/portal\/index.php\/wp-json\/wp\/v2\/posts\/14556"}],"collection":[{"href":"https:\/\/dgospel.com.br\/portal\/index.php\/wp-json\/wp\/v2\/posts"}],"about":[{"href":"https:\/\/dgospel.com.br\/portal\/index.php\/wp-json\/wp\/v2\/types\/post"}],"author":[{"embeddable":true,"href":"https:\/\/dgospel.com.br\/portal\/index.php\/wp-json\/wp\/v2\/users\/2"}],"replies":[{"embeddable":true,"href":"https:\/\/dgospel.com.br\/portal\/index.php\/wp-json\/wp\/v2\/comments?post=14556"}],"version-history":[{"count":1,"href":"https:\/\/dgospel.com.br\/portal\/index.php\/wp-json\/wp\/v2\/posts\/14556\/revisions"}],"predecessor-version":[{"id":14558,"href":"https:\/\/dgospel.com.br\/portal\/index.php\/wp-json\/wp\/v2\/posts\/14556\/revisions\/14558"}],"wp:featuredmedia":[{"embeddable":true,"href":"https:\/\/dgospel.com.br\/portal\/index.php\/wp-json\/wp\/v2\/media\/14557"}],"wp:attachment":[{"href":"https:\/\/dgospel.com.br\/portal\/index.php\/wp-json\/wp\/v2\/media?parent=14556"}],"wp:term":[{"taxonomy":"category","embeddable":true,"href":"https:\/\/dgospel.com.br\/portal\/index.php\/wp-json\/wp\/v2\/categories?post=14556"},{"taxonomy":"post_tag","embeddable":true,"href":"https:\/\/dgospel.com.br\/portal\/index.php\/wp-json\/wp\/v2\/tags?post=14556"}],"curies":[{"name":"wp","href":"https:\/\/api.w.org\/{rel}","templated":true}]}}