{"id":14562,"date":"2023-02-01T11:47:25","date_gmt":"2023-02-01T14:47:25","guid":{"rendered":"http:\/\/dgospel.com.br\/portal\/?p=14562"},"modified":"2023-02-01T11:47:26","modified_gmt":"2023-02-01T14:47:26","slug":"onu-podera-restringir-liberdade-religiosa-em-nome-dos-direitos-lgbt-alerta-entidade","status":"publish","type":"post","link":"https:\/\/dgospel.com.br\/portal\/index.php\/2023\/02\/01\/onu-podera-restringir-liberdade-religiosa-em-nome-dos-direitos-lgbt-alerta-entidade\/","title":{"rendered":"ONU poder\u00e1 restringir liberdade religiosa em nome dos direitos LGBT, alerta entidade"},"content":{"rendered":"\n<p>A liberdade religiosa \u00e9 uma conquista de v\u00e1rios povos, estando diretamente associada \u00e0 livre express\u00e3o do pensamento. Essa realidade, por\u00e9m, poder\u00e1 mudar por meio da press\u00e3o pol\u00edtico-ideol\u00f3gica exercida por organismos como a Organiza\u00e7\u00e3o Mundial das Na\u00e7\u00f5es Unidas (ONU), e tudo em nome dos direitos LGBTs.<\/p>\n\n\n\n<p>Essa \u00e9 a avalia\u00e7\u00e3o do Religious Freedom Institute (RFI) (Instituto de Liberdade Religiosa, em tradu\u00e7\u00e3o livre do ingl\u00eas), ap\u00f3s a divulga\u00e7\u00e3o de um relat\u00f3rio do Especialista Independente da ONU, Victor Madrigal-Borloz, que no \u00faltimo dia 15 fez uma s\u00e9rie de pedidos ao \u00f3rg\u00e3o.<\/p>\n\n\n\n<p>Os pedidos de Borloz dever\u00e3o ser analisados no Conselho de Direitos Humanos da ONU em junho desse ano. Em seu documento, o analista afirma que \u201cencaminhar\u00e1 recomenda\u00e7\u00f5es aos Estados e outras partes interessadas relevantes para cumprir plenamente suas obriga\u00e7\u00f5es sob a lei internacional de direitos humanos para proteger e capacitar as pessoas LGBT+ a buscar a felicidade, exercer e desfrutar de todos os seus direitos humanos\u201d.<\/p>\n\n\n\n<p>O pronto cr\u00edtico em rela\u00e7\u00e3o ao relat\u00f3rio de Borloz est\u00e1 na sua afirma\u00e7\u00e3o de que \u201cnarrativas religiosas e espirituais\u201d estariam sendo usadas ao longo da hist\u00f3ria \u201cpara promover, permitir e tolerar a viol\u00eancia institucional e pessoal e a discrimina\u00e7\u00e3o contra indiv\u00edduos com base na orienta\u00e7\u00e3o sexual ou g\u00eanero identidade (real ou presumida)\u201d.<\/p>\n\n\n\n<p>Assim como, diz o texto, para \u201creprimir a diversidade sexual e de g\u00eanero; e promover normas cisg\u00eanero e heteronormativas de orienta\u00e7\u00e3o sexual e identidade de g\u00eanero\u201d.<\/p>\n\n\n\n<h2>Persegui\u00e7\u00e3o<\/h2>\n\n\n\n<p>Para a RFI, o pensamento do especialista independente da ONU reflete uma vis\u00e3o que sugere persegui\u00e7\u00e3o futura aos crist\u00e3os por quest\u00f5es de ordem religiosa, uma vez que a B\u00edblia condena expressamente a pr\u00e1tica homossexual, bem como quaisquer rela\u00e7\u00f5es que n\u00e3o envolvam o casamento entre homem e mulher.<\/p>\n\n\n\n<p>Em outras palavras, o que Borloz chama de \u201cnarrativas religiosas espirituais\u201d pode ser uma cr\u00edtica velada ao ensino b\u00edblico sobre fam\u00edlia e sexualidade, o que significa que, na pr\u00e1tica, se a ONU acatar essa narrativa, poder\u00e1 promover pol\u00edticas contr\u00e1rias \u00e0 prega\u00e7\u00e3o crist\u00e3 sobre os pecados do&nbsp;<a href=\"https:\/\/noticias.gospelmais.com.br\/ex-gay-revelacao-essa-coisa-lgbtq-batalha-espiritual-159804.html\">estilo de vida LGBT+<\/a>.<\/p>\n\n\n\n<p>\u201cOs proponentes da pol\u00edtica \u2018SOGI\u2019 [sigla usada para se referir \u00e0s pol\u00edticas de promo\u00e7\u00e3o \u00e0 agenda LGBT+] tendem a caracterizar qualquer recusa em afirmar express\u00f5es ou condutas \u2018SOGI\u2019 como \u2018discrimina\u00e7\u00e3o\u2019 odiosa\u201d,&nbsp;<a href=\"https:\/\/religiousfreedominstitute.org\/wp-content\/uploads\/2023\/01\/RFI-Response-to-IE-SOGI-Call-for-Inputs.pdf\">explica a RFI<\/a>. \u201cComo resultado, a pol\u00edtica \u2018SOGI\u2019 pode ser usada amplamente contra pessoas e institui\u00e7\u00f5es religiosas.\u201d<\/p>\n\n\n\n<p>Para a RFI, os governos e a pr\u00f3pria ONU devem promover a prote\u00e7\u00e3o dos direitos humanos, mas \u201cdevem abster-se de infundir a pol\u00edtica \u2018SOGI\u2019 no direito internacional como meio de alcan\u00e7ar a conformidade nas \u00e1reas de antropologia e moralidade sexual.\u201d<\/p>\n","protected":false},"excerpt":{"rendered":"<p>A liberdade religiosa \u00e9 uma conquista de v\u00e1rios povos, estando diretamente associada \u00e0 livre express\u00e3o do pensamento. Essa realidade, por\u00e9m, poder\u00e1 mudar por meio da press\u00e3o pol\u00edtico-ideol\u00f3gica exercida por organismos como a Organiza\u00e7\u00e3o Mundial das Na\u00e7\u00f5es Unidas (ONU), e tudo em nome dos direitos LGBTs. Essa \u00e9 a avalia\u00e7\u00e3o do Religious Freedom Institute (RFI) (Instituto [&hellip;]<\/p>\n","protected":false},"author":2,"featured_media":14563,"comment_status":"open","ping_status":"open","sticky":false,"template":"","format":"standard","meta":[],"categories":[5],"tags":[],"_links":{"self":[{"href":"https:\/\/dgospel.com.br\/portal\/index.php\/wp-json\/wp\/v2\/posts\/14562"}],"collection":[{"href":"https:\/\/dgospel.com.br\/portal\/index.php\/wp-json\/wp\/v2\/posts"}],"about":[{"href":"https:\/\/dgospel.com.br\/portal\/index.php\/wp-json\/wp\/v2\/types\/post"}],"author":[{"embeddable":true,"href":"https:\/\/dgospel.com.br\/portal\/index.php\/wp-json\/wp\/v2\/users\/2"}],"replies":[{"embeddable":true,"href":"https:\/\/dgospel.com.br\/portal\/index.php\/wp-json\/wp\/v2\/comments?post=14562"}],"version-history":[{"count":1,"href":"https:\/\/dgospel.com.br\/portal\/index.php\/wp-json\/wp\/v2\/posts\/14562\/revisions"}],"predecessor-version":[{"id":14564,"href":"https:\/\/dgospel.com.br\/portal\/index.php\/wp-json\/wp\/v2\/posts\/14562\/revisions\/14564"}],"wp:featuredmedia":[{"embeddable":true,"href":"https:\/\/dgospel.com.br\/portal\/index.php\/wp-json\/wp\/v2\/media\/14563"}],"wp:attachment":[{"href":"https:\/\/dgospel.com.br\/portal\/index.php\/wp-json\/wp\/v2\/media?parent=14562"}],"wp:term":[{"taxonomy":"category","embeddable":true,"href":"https:\/\/dgospel.com.br\/portal\/index.php\/wp-json\/wp\/v2\/categories?post=14562"},{"taxonomy":"post_tag","embeddable":true,"href":"https:\/\/dgospel.com.br\/portal\/index.php\/wp-json\/wp\/v2\/tags?post=14562"}],"curies":[{"name":"wp","href":"https:\/\/api.w.org\/{rel}","templated":true}]}}