{"id":1457,"date":"2018-09-27T11:36:06","date_gmt":"2018-09-27T14:36:06","guid":{"rendered":"http:\/\/dgospel.com.br\/portal\/?p=1457"},"modified":"2018-09-27T11:38:52","modified_gmt":"2018-09-27T14:38:52","slug":"marco-feliciano-acusa-pesquisas-de-manipulacao-e-pede-votos-em-jair-bolsonaro","status":"publish","type":"post","link":"https:\/\/dgospel.com.br\/portal\/index.php\/2018\/09\/27\/marco-feliciano-acusa-pesquisas-de-manipulacao-e-pede-votos-em-jair-bolsonaro\/","title":{"rendered":"Marco Feliciano acusa pesquisas de manipula\u00e7\u00e3o e pede votos em Jair Bolsonaro"},"content":{"rendered":"<p>As pesquisas eleitorais que apontam um crescimento mete\u00f3rico das inten\u00e7\u00f5es de voto no candidato petista Fernando Haddad foram alvo de cr\u00edticas do pastor Marco Feliciano em um artigo. Mesmo sendo de um partido, Podemos, que possui candidato pr\u00f3prio \u00e0 presid\u00eancia \u2013 o senador \u00c1lvaro Dias \u2013 o l\u00edder evang\u00e9lico reiterou seu apoio a Jair Bolsonaro (PSL).<\/p>\n<p>\u201cFaltando poucos dias para as elei\u00e7\u00f5es, chamo a aten\u00e7\u00e3o para o grande perigo que corremos: a volta do PT ao protagonismo em nosso pa\u00eds. Por que digo isso? Pela manipula\u00e7\u00e3o das pesquisas eleitorais que fazem candidatos sair de \u00edndices m\u00ednimos, e num passe de m\u00e1gica se transformar (sic) em favoritos\u201d, comentou Feliciano.<\/p>\n<p>Segundo o pastor, a suposta manipula\u00e7\u00e3o das pesquisas indicam \u201ca possibilidade de uma volta daquilo que j\u00e1 expurgamos, mas tal qual uma f\u00eanix do mal periga renascer\u201d, em uma refer\u00eancia ao governo petista. \u201cClaro, a n\u00e3o ser que n\u00f3s, crist\u00e3os, nos conscientizemos e provoquemos uma rea\u00e7\u00e3o oposta nas urnas\u201d, acrescentou.<\/p>\n<p>\u201cEstamos assistindo a uma com\u00e9dia bufa com o candidato Fernando Haddad, a marionete do presidi\u00e1rio de Curitiba, Lu\u00eds In\u00e1cio Lula da Silva. Haddad \u00e9 candidato \u00e0 presid\u00eancia, numa vergonhosa subservi\u00eancia, com obrigat\u00f3rias visitas semanais ao pres\u00eddio para receber ordens. Isso \u00e9 tal e qual o crime organizado que comanda suas a\u00e7\u00f5es de dentro dos pres\u00eddios. Este candidato foi al\u00e7ado de uma derrota nas elei\u00e7\u00f5es para se reeleger como prefeito da cidade de S\u00e3o Paulo. Ele teve a maior rejei\u00e7\u00e3o da hist\u00f3ria das elei\u00e7\u00f5es na cidade. E de repente, se encontra entre os primeiros colocados nas atuais pesquisas para a elei\u00e7\u00e3o para presidente\u201d, contextualizou Feliciano.<\/p>\n<p>O pastor fez quest\u00e3o de sublinhar que \u201cessas pesquisas foram realizadas por empresas envolvidas na Lava Jato, tamb\u00e9m outras delas ligadas a jornais com vi\u00e9s esquerdista, numa rocambolesca arma\u00e7\u00e3o com claras inten\u00e7\u00f5es inconfess\u00e1veis\u201d.<\/p>\n<p>Sobre os demais advers\u00e1rios de Bolsonaro, Feliciano afirmou que Ciro Gomes \u201ctamb\u00e9m \u00e9 ligado ao petismo, tendo sido ministro no governo Lula\u201d; Marina Silva \u201cdespencou nas pesquisas e dever\u00e1 reaparecer daqui a quatro anos novamente, trazendo propostas de plebiscito para assuntos os quais ela deveria ter opini\u00e3o formada, como o aborto\u201d.<\/p>\n<p>A respeito de Geraldo Alckmin, o pastor afirmou no texto publicado no portal\u00a0<a href=\"https:\/\/pleno.news\/opiniao\/marco-feliciano\/diga-nao-a-volta-do-pt.html\"><em>Pleno News<\/em><\/a>\u00a0que o ex-governador paulista \u201cteve a \u00faltima chance de se apresentar como candidato vi\u00e1vel, pela sua trajet\u00f3ria e pela capilaridade do seu partido nacionalmente\u201d, o que acabou n\u00e3o acontecendo.<\/p>\n<p>\u201cPortanto, meus irm\u00e3os, com tantos percal\u00e7os, e uma terr\u00edvel agress\u00e3o com o objetivo de morte para o candidato Jair Bolsonaro, a luta est\u00e1 sendo \u00e1rdua e s\u00f3 nos resta um cartucho. Portanto, n\u00e3o devemos desperdi\u00e7ar muni\u00e7\u00e3o. Ent\u00e3o, dia 7 de outubro, sem d\u00favida, devemos sufragar nas urnas o nome de Jair Bolsonaro, para, numa vit\u00f3ria esmagadora no primeiro turno, confirmar o que se v\u00ea nas ruas: o maci\u00e7o apoio a quem se apresenta sem m\u00e1scaras, numa sinceridade h\u00e1 muito n\u00e3o vista. E o principal, elevando o nome de Deus acima de todos\u201d, concluiu.<\/p>\n<p>Fonte:\u00a0gospelmais<\/p>\n<p>&nbsp;<\/p>\n<p>&nbsp;<\/p>\n<p>&nbsp;<\/p>\n","protected":false},"excerpt":{"rendered":"<p>As pesquisas eleitorais que apontam um crescimento mete\u00f3rico das inten\u00e7\u00f5es de voto no candidato petista Fernando Haddad foram alvo de cr\u00edticas do pastor Marco Feliciano em um artigo. Mesmo sendo de um partido, Podemos, que possui candidato pr\u00f3prio \u00e0 presid\u00eancia \u2013 o senador \u00c1lvaro Dias \u2013 o l\u00edder evang\u00e9lico reiterou seu apoio a Jair Bolsonaro [&hellip;]<\/p>\n","protected":false},"author":2,"featured_media":1458,"comment_status":"open","ping_status":"open","sticky":false,"template":"","format":"standard","meta":[],"categories":[2,6,4],"tags":[],"_links":{"self":[{"href":"https:\/\/dgospel.com.br\/portal\/index.php\/wp-json\/wp\/v2\/posts\/1457"}],"collection":[{"href":"https:\/\/dgospel.com.br\/portal\/index.php\/wp-json\/wp\/v2\/posts"}],"about":[{"href":"https:\/\/dgospel.com.br\/portal\/index.php\/wp-json\/wp\/v2\/types\/post"}],"author":[{"embeddable":true,"href":"https:\/\/dgospel.com.br\/portal\/index.php\/wp-json\/wp\/v2\/users\/2"}],"replies":[{"embeddable":true,"href":"https:\/\/dgospel.com.br\/portal\/index.php\/wp-json\/wp\/v2\/comments?post=1457"}],"version-history":[{"count":3,"href":"https:\/\/dgospel.com.br\/portal\/index.php\/wp-json\/wp\/v2\/posts\/1457\/revisions"}],"predecessor-version":[{"id":1463,"href":"https:\/\/dgospel.com.br\/portal\/index.php\/wp-json\/wp\/v2\/posts\/1457\/revisions\/1463"}],"wp:featuredmedia":[{"embeddable":true,"href":"https:\/\/dgospel.com.br\/portal\/index.php\/wp-json\/wp\/v2\/media\/1458"}],"wp:attachment":[{"href":"https:\/\/dgospel.com.br\/portal\/index.php\/wp-json\/wp\/v2\/media?parent=1457"}],"wp:term":[{"taxonomy":"category","embeddable":true,"href":"https:\/\/dgospel.com.br\/portal\/index.php\/wp-json\/wp\/v2\/categories?post=1457"},{"taxonomy":"post_tag","embeddable":true,"href":"https:\/\/dgospel.com.br\/portal\/index.php\/wp-json\/wp\/v2\/tags?post=1457"}],"curies":[{"name":"wp","href":"https:\/\/api.w.org\/{rel}","templated":true}]}}