{"id":14571,"date":"2023-02-01T12:24:30","date_gmt":"2023-02-01T15:24:30","guid":{"rendered":"http:\/\/dgospel.com.br\/portal\/?p=14571"},"modified":"2023-02-01T12:24:31","modified_gmt":"2023-02-01T15:24:31","slug":"como-cumprir-sua-missao-descobrindo-seus-dons-e-recebendo-talentos-de-deus","status":"publish","type":"post","link":"https:\/\/dgospel.com.br\/portal\/index.php\/2023\/02\/01\/como-cumprir-sua-missao-descobrindo-seus-dons-e-recebendo-talentos-de-deus\/","title":{"rendered":"Como cumprir sua miss\u00e3o? Descobrindo seus dons e recebendo talentos de Deus"},"content":{"rendered":"\n<p><em>\u201cE ele designou alguns para ap\u00f3stolos, outros para profetas, outros para evangelistas, e outros para pastores e mestres, com o fim de preparar os santos para a obra do minist\u00e9rio, para que o corpo de Cristo seja edificado, at\u00e9 que todos alcancemos a unidade da f\u00e9 e do conhecimento do Filho de Deus, e cheguemos \u00e0 maturidade, atingindo a medida da plenitude de Cristo\u201d. (Ef\u00e9sios 4.11-13)<\/em><\/p>\n\n\n\n<p><strong>Vamos ao contexto<\/strong><\/p>\n\n\n\n<p>O texto que acabamos de ler fala dos dons e talentos que precisamos para cumprir nossa miss\u00e3o nesta Terra.&nbsp;<a href=\"https:\/\/www.guiame.com.br\/colunistas\/cris-beloni\/como-e-ser-chamado-para-uma-missao-entenda-isso-atraves-do-chamado-de-eliseu.html\"><strong>O que Deus quer de cada um de n\u00f3s?<\/strong><\/a>&nbsp;Podemos entender um pouco mais sobre isso ao ler a carta de Paulo aos Ef\u00e9sios.<\/p>\n\n\n\n<p>O ap\u00f3stolo apresenta sua vis\u00e3o ampla, do c\u00e9u \u00e0 terra, mostrando como Jesus une a todos n\u00f3s Nele mesmo, como participantes de uma obra que \u00e9 t\u00e3o necess\u00e1ria no mundo.<\/p>\n\n\n\n<p>Lembrando que os&nbsp;<a href=\"https:\/\/guiame.com.br\/gospel\/mundo-cristao\/bailarina-brasileira-sem-bracos-danca-louvor-no-americas-got-talent.html\"><strong>dons e talentos<\/strong><\/a>&nbsp;n\u00e3o s\u00e3o para enriquecer a n\u00f3s mesmos, mas para enriquecer a Igreja. Estamos falando de dons espirituais espec\u00edficos e das tarefas designadas a n\u00f3s.<\/p>\n\n\n\n<p><strong>Siga a sua voca\u00e7\u00e3o<\/strong><\/p>\n\n\n\n<p>Basicamente, a sua voca\u00e7\u00e3o \u00e9 formada por seus dons e talentos. A palavra \u201cvoca\u00e7\u00e3o\u201d vem do latim \u201cvocare\u201d e quer dizer \u201cchamar\u201d. O verbo est\u00e1 conectado ao termo \u201cchamado\u201d e indica as habilidades de uma pessoa, mostrando o motivo pelo qual ela foi chamada por Deus.<\/p>\n\n\n\n<p>Quer dizer que&nbsp;<a href=\"https:\/\/guiame.com.br\/gospel\/mundo-cristao\/deus-nao-quer-que-o-chamado-seja-um-peso-para-voce-alerta-pastor-antonio-junior.html\"><strong>somos chamados<\/strong><\/a>&nbsp;para ocupar nosso \u201clugar original\u201d e fazer algo com as habilidades ou com a voca\u00e7\u00e3o que Deus depositou em cada um de n\u00f3s, desde o projeto Dele voltado para a nossa cria\u00e7\u00e3o ou a nossa exist\u00eancia.<\/p>\n\n\n\n<p>Voca\u00e7\u00e3o tamb\u00e9m est\u00e1 ligada \u00e0 uma compet\u00eancia, \u00e0 pr\u00e1tica de atividades espec\u00edficas e associadas \u00e0&nbsp;<a href=\"https:\/\/www.guiame.com.br\/gospel\/mundo-cristao\/deus-procura-improvaveis-e-rejeitados-e-derrama-azeite-sobre-cabeca-lembra-pastor.html\"><strong>inclina\u00e7\u00e3o de seguir determinado caminho<\/strong><\/a>. A voca\u00e7\u00e3o revela os talentos, os dons e as aptid\u00f5es naturais de uma pessoa e que faz com que ela sinta prazer ao coloc\u00e1-los em pr\u00e1tica.<\/p>\n\n\n\n<p><img src=\"https:\/\/thumbor.guiame.com.br\/unsafe\/smart\/https:\/\/media.guiame.com.br\/archives\/2023\/01\/30\/1954190218-mulher.png\" alt=\"\" width=\"600\"><sup>(Foto: Unsplash \/Marcos Paulo Prado)<\/sup><\/p>\n\n\n\n<p><strong>Qual a sua miss\u00e3o?<\/strong><\/p>\n\n\n\n<p>Como podemos descobrir qual \u00e9 a nossa miss\u00e3o? A resposta \u00e9: descobrindo nossa voca\u00e7\u00e3o, dons e talentos. E depois que nos descobrimos dentro da nossa miss\u00e3o, podemos ajudar as pessoas ao nosso redor a descobrirem tamb\u00e9m. Pois, quando transformamos essa busca em algo coletivo, estamos buscando o bem da humanidade. Os nossos prop\u00f3sitos unidos s\u00e3o o nosso sacerd\u00f3cio de conex\u00e3o com Deus.<\/p>\n\n\n\n<p>Quando Deus verbaliza, o sonho Dele se torna real. Quando Ele determina, as coisas acontecem. Foi dessa forma que Ele criou a cada um de n\u00f3s e nos chamou pelo nome.<\/p>\n\n\n\n<p>N\u00f3s fomos planejamos antes da funda\u00e7\u00e3o do mundo, conforme nos mostra a Palavra de Deus. E cada um de n\u00f3s possui seus dons, talentos, aptid\u00f5es, ou seja, cada um possui a sua pr\u00f3pria voca\u00e7\u00e3o;&nbsp;<a href=\"https:\/\/www.guiame.com.br\/gospel\/mundo-cristao\/como-saber-qual-e-o-meu-chamado-pastores-falam-sobre-crise-vocacional.html\"><strong>cada um foi chamado a fazer algo bem espec\u00edfico<\/strong><\/a>. Veja, por exemplo, no caso de Jeremias:<\/p>\n\n\n\n<p><em>\u201cAntes de form\u00e1-lo no ventre eu o escolhi; antes de voc\u00ea nascer, eu o separei e o designei profeta \u00e0s na\u00e7\u00f5es\u201d. (Jeremias 1.5)<\/em><\/p>\n\n\n\n<p>Perceba que Jeremias foi formado com os dons e talentos que Deus derramou sobre a vida dele, para que pudesse cumprir um pedacinho da miss\u00e3o, dentro da grandiosa miss\u00e3o de Deus.<\/p>\n\n\n\n<p>Ou seja, Jeremias j\u00e1 nasceu com sua voca\u00e7\u00e3o. Os dons e talentos dados por Deus a cada um de n\u00f3s, nos ajudar\u00e1 em nossas miss\u00f5es ao longo da caminhada.<\/p>\n\n\n\n<p><strong>Sobre dom e talento<\/strong><\/p>\n\n\n\n<p>Com o dom se nasce, e com o talento se aprende. O dom \u00e9 uma d\u00e1diva que nos acompanha ao longo de toda a vida, desde o nascimento. O dom \u00e9 de gra\u00e7a e n\u00e3o precisamos fazer nenhum esfor\u00e7o para ter.<\/p>\n\n\n\n<p>\u00c9 por isso que \u00e9 muito comum identificar o dom desde a inf\u00e2ncia ou adolesc\u00eancia de algu\u00e9m.<\/p>\n\n\n\n<p>O talento tamb\u00e9m \u00e9 um presente de Deus, mas ele \u00e9 dado&nbsp;<a href=\"https:\/\/www.guiame.com.br\/gospel\/mundo-cristao\/hernandes-dias-lopes-fala-da-importancia-de-dar-juventude-deus-ele-nao-quer-resto.html\"><strong>durante a caminhada<\/strong><\/a>, conforme a nossa necessidade de desenvolvimento. O pre\u00e7o do talento \u00e9 o nosso esfor\u00e7o \u2014 Deus nos presenteia com uma semente e o nosso trabalho \u00e9 plantar, regar e adubar.<\/p>\n\n\n\n<p>O dom \u00e9 fruto da espontaneidade e o talento \u00e9 fruto do treino e requer da nossa parte disciplina, perseveran\u00e7a, pr\u00e1tica e const\u00e2ncia. Como disse Thomas Edson, o inventor da l\u00e2mpada: \u201cTalento \u00e9 1% de inspira\u00e7\u00e3o e 99% transpira\u00e7\u00e3o\u201d.<\/p>\n\n\n\n<p><img src=\"https:\/\/thumbor.guiame.com.br\/unsafe\/smart\/https:\/\/media.guiame.com.br\/archives\/2023\/01\/30\/1709277046-biblia.png\" alt=\"\" width=\"600\"><sup>Foto: Unsplash\/Cassidy Rowell<\/sup><\/p>\n\n\n\n<p><strong>Os cinco minist\u00e9rios de Jesus<\/strong><\/p>\n\n\n\n<p>S\u00f3 para dar in\u00edcio ao b\u00e1sico do que devemos saber&nbsp;<a href=\"https:\/\/www.guiame.com.br\/gospel\/mundo-cristao\/deive-leonardo-pare-de-procurar-propostas-e-viva-o-proposito-de-deus-em-sua-vida.html\"><strong>sobre a nossa miss\u00e3o<\/strong><\/a>, vamos refletir sobre o que diz o texto que estamos estudando:<\/p>\n\n\n\n<p><em>\u201cE ele designou alguns para ap\u00f3stolos, outros para profetas, outros para evangelistas, e outros para pastores e mestres<\/em>\u201d.<\/p>\n\n\n\n<p>Esses minist\u00e9rios n\u00e3o servem somente para dentro da Igreja, mas s\u00e3o dons exercidos fora da igreja tamb\u00e9m. Por exemplo:<\/p>\n\n\n\n<p><strong>Ap\u00f3stolos<\/strong>&nbsp;\u2014 s\u00e3o aqueles que abrem caminhos, que preparam lugares e pessoas para um novo tempo. No mundo s\u00e3o os empreendedores, empres\u00e1rios, negociantes e administradores. Mas, trabalhando para Deus, s\u00e3o os plantadores de igrejas.<\/p>\n\n\n\n<p><strong>Profetas<\/strong>&nbsp;\u2014 s\u00e3o pessoas que exercem autoridade e que se preocupam com a justi\u00e7a e a verdade. No mundo s\u00e3o os advogados, ju\u00edzes, policiais e desembargadores. Na Igreja, s\u00e3o aqueles que enviam as profecias de Deus, que exortam as pessoas sobre a&nbsp;<a href=\"https:\/\/www.guiame.com.br\/gospel\/mundo-cristao\/e-na-rotina-que-deus-conhece-seu-coracao-diz-tiago-brunet-sobre-descoberta-do-proposito.html\"><strong>forma como est\u00e3o vivendo<\/strong><\/a>, alinhando o c\u00e9u e a terra.<\/p>\n\n\n\n<p><strong>Evangelistas<\/strong>&nbsp;\u2014 s\u00e3o as pessoas respons\u00e1veis por enviar uma mensagem ou uma not\u00edcia. No mundo s\u00e3o os representantes, publicit\u00e1rios e rela\u00e7\u00f5es p\u00fablicas. Na Igreja, s\u00e3o aqueles que levam as boas novas de Cristo.<\/p>\n\n\n\n<p><strong>Pastores<\/strong>&nbsp;\u2014 s\u00e3o aqueles que cuidam, protegem, curam e alimentam. No mundo s\u00e3o os conselheiros, assistentes sociais, m\u00e9dicos e enfermeiros. Na Igreja, s\u00e3o os respons\u00e1veis pelas \u201covelhas\u201d de Cristo, com o dever de guard\u00e1-las dos \u201clobos\u201d, mantendo-as em seguran\u00e7a e bem estar.<\/p>\n\n\n\n<p><strong>Mestres<\/strong>&nbsp;\u2014 s\u00e3o aqueles que usam de intelig\u00eancia e sabedoria, que possuem as melhores informa\u00e7\u00f5es para instruir as pessoas. No mundo s\u00e3o os palestrantes, treinadores, professores, acad\u00eamicos, pesquisadores e instrutores. Na Igreja, s\u00e3o aqueles que possuem a miss\u00e3o de ensinar os caminhos de Deus e simplificar o entendimento da Palavra.<\/p>\n\n\n\n<p>Perceba que os dons de Cristo est\u00e3o espalhados nas pessoas, mesmo aquelas que ainda n\u00e3o est\u00e3o inseridas na Igreja e precisamos ajud\u00e1-las a&nbsp;<a href=\"https:\/\/www.guiame.com.br\/gospel\/mundo-cristao\/luciano-subira-o-sinal-da-vontade-de-deus-nao-esta-do-lado-de-fora-mas-dentro-de-nos.html\"><strong>entender que s\u00e3o prop\u00f3sitos de Deus<\/strong><\/a>&nbsp;sobre a vida delas e que devem ser usados para a gl\u00f3ria Dele.<\/p>\n\n\n\n<p><img src=\"https:\/\/thumbor.guiame.com.br\/unsafe\/smart\/https:\/\/media.guiame.com.br\/archives\/2023\/01\/30\/1537328114-diamante.png\" alt=\"\" width=\"600\"><sup>(Foto: Pixels)<\/sup><\/p>\n\n\n\n<p><strong>Nossa miss\u00e3o \u00e9 exclusiva<\/strong><\/p>\n\n\n\n<p>\u00c9 por isso que somos diferentes uns dos outros, em v\u00e1rios aspectos. E Deus \u00e9 t\u00e3o caprichoso que criou cada ser humano com uma marca digital \u00fanica e at\u00e9 mesmo a \u00edris dos olhos de cada pessoa \u00e9 diferente e exclusiva.<\/p>\n\n\n\n<p>Se f\u00f4ssemos todos iguais n\u00e3o haveria gra\u00e7a. Por isso, devemos ser humildes e entender que nem tudo ser\u00e1 feito do nosso jeito ou de acordo com as nossas ideias. N\u00f3s precisamos da pluralidade e das diferen\u00e7as.<\/p>\n\n\n\n<p>Podemos at\u00e9 encontrar pessoas com&nbsp;<a href=\"https:\/\/www.guiame.com.br\/gospel\/mundo-cristao\/rodolfo-abrantes-sobre-chamado-deus-nos-atrai-para-dentro-para-fazer-diferenca-la-fora.html\"><strong>miss\u00f5es parecidas com as nossas<\/strong><\/a>, porque h\u00e1 prop\u00f3sitos que s\u00e3o semelhantes. Algumas pessoas realmente v\u00e3o embarcar com a gente no mesmo destino. E quanto \u00e0s pessoas que possuem miss\u00f5es diferenciadas, cabe a n\u00f3s compreender o agir de Deus e n\u00e3o competir com elas.<\/p>\n\n\n\n<p>N\u00e3o existe uma miss\u00e3o maior ou menor, melhor ou pior, o que existem s\u00e3o miss\u00f5es diferentes e que se completam. Todos n\u00f3s podemos trabalhar juntos&nbsp;<a href=\"https:\/\/www.guiame.com.br\/gospel\/mundo-cristao\/deus-faz-nossas-malas-de-acordo-com-nosso-proposito-diz-helena-tannure-em-pregacao.html\"><strong>durante essa jornada<\/strong><\/a>.<\/p>\n\n\n\n<p><strong>Resuminho<\/strong><\/p>\n\n\n\n<p><strong>Voca\u00e7\u00e3o<\/strong>&nbsp;s\u00e3o os nossos dons e talentos. A nossa voca\u00e7\u00e3o mostra como Deus nos criou.<\/p>\n\n\n\n<p><strong>Prop\u00f3sito<\/strong>&nbsp;\u00e9 a vontade de Deus para nossas vidas e tamb\u00e9m a uni\u00e3o do chamado com a miss\u00e3o.<\/p>\n\n\n\n<p><strong>Chamado<\/strong>&nbsp;\u00e9 o aviso de Deus para voltarmos ao lugar original. O chamado de todos n\u00f3s \u00e9 sermos sacerdotes de Deus, conectando terra e c\u00e9u.<\/p>\n\n\n\n<p><strong>Miss\u00e3o<\/strong>&nbsp;\u00e9 o que devemos fazer enquanto caminhamos dentro do prop\u00f3sito de Deus para cada um de n\u00f3s. A miss\u00e3o de Deus \u00e9 formar uma fam\u00edlia para Ele, que seja semelhante a Jesus. E a nossa miss\u00e3o \u00e9 um pedacinho da miss\u00e3o de Deus.<\/p>\n\n\n\n<p>Lembre-se que&nbsp;<a href=\"https:\/\/www.guiame.com.br\/gospel\/mundo-cristao\/talitha-pereira-no-desespero-de-descobrir-o-chamado-muitos-tem-se-afastado-dele.html\"><strong>quando atendemos ao chamado<\/strong><\/a>, caminhamos no nosso prop\u00f3sito e encontramos a nossa voca\u00e7\u00e3o (dons e talentos) para cumprir a nossa miss\u00e3o dentro da grande miss\u00e3o de Deus.<\/p>\n\n\n\n<p>Independente de quem voc\u00ea \u00e9 ou de onde voc\u00ea est\u00e1, saiba que existe uma miss\u00e3o para voc\u00ea realizar, ou seja,&nbsp; existe uma gra\u00e7a sobre sua vida. Deus depositou em voc\u00ea um tesouro muito valioso e voc\u00ea precisa multiplic\u00e1-lo, como na par\u00e1bola dos talentos.<\/p>\n\n\n\n<p><img src=\"https:\/\/thumbor.guiame.com.br\/unsafe\/smart\/https:\/\/media.guiame.com.br\/archives\/2023\/01\/30\/2836725878-presente.png\" alt=\"\" width=\"600\"><sup>(Foto: Pixels)<\/sup><\/p>\n\n\n\n<p><strong>O dom n\u00e3o \u00e9 para o seu benef\u00edcio, mas para os outros<\/strong><\/p>\n\n\n\n<p>O dom s\u00f3 \u00e9 \u00fatil quando utilizado para servir ao pr\u00f3ximo. \u00c9 por isso que Paulo associou o \u201cviver dignamente a nossa voca\u00e7\u00e3o\u201d com a unidade.<\/p>\n\n\n\n<p>No presente dado por Deus existe uma etiqueta com o nome das pessoas que dever\u00e3o receb\u00ea-lo. \u00c9 por isso que durante a viv\u00eancia no Evangelho de Cristo n\u00e3o devemos comparar quem tem mais dons, porque aqueles que t\u00eam mais, dever\u00e3o trabalhar muito mais.<\/p>\n\n\n\n<p>Quanto mais dons, mais pessoas devemos procurar para \u201centregar o presente\u201d. Quanto mais dons, mais responsabilidades.<\/p>\n\n\n\n<p><em>\u201cA quem muito foi dado, muito ser\u00e1 exigido; e a quem muito foi confiado, muito mais ser\u00e1 pedido\u201d. (Lucas 12.48)<\/em><\/p>\n\n\n\n<p>Quando usamos o nosso dom como nosso pr\u00f3prio alimento, isso nos afasta das pessoas. Perceba que profetas e mestres ou ap\u00f3stolos e pastores andam muito separados. Isso porque cada um usa seu dom para si mesmo e n\u00e3o se preocupa em alimentar os outros.<\/p>\n\n\n\n<p>Suportar uns aos outros em amor, n\u00e3o \u00e9 \u201caguentar\u201d as pessoas com m\u00e1 vontade, mas \u201cdar suporte\u201d ou ainda \u201cservir de plataforma\u201d para levantar o outro. \u00c9 para isso que servem nossas voca\u00e7\u00f5es, talentos e dons, para ajudar no desenvolvimento dos outros.<\/p>\n\n\n\n<p>Saiba que quanto mais forte for a unidade do corpo de Cristo, mais liberdade temos de ser n\u00f3s mesmos em nossos dons. Quando h\u00e1 unidade, sabemos que a nossa alian\u00e7a n\u00e3o ser\u00e1 quebrada, porque faz parte da unidade do Esp\u00edrito de Deus e n\u00e3o da unidade de ideias.<\/p>\n\n\n\n<figure class=\"wp-block-image\"><img src=\"https:\/\/thumbor.guiame.com.br\/unsafe\/smart\/https:\/\/media.guiame.com.br\/archives\/2023\/01\/30\/2917530276-grafico.jpg\" alt=\"\"\/><\/figure>\n\n\n\n<p>Lembre-se que Paulo explicou que a finalidade dos 5 minist\u00e9rios \u00e9 \u201cpara que o corpo de Cristo seja edificado, at\u00e9 que todos alcancemos a unidade da f\u00e9 e do conhecimento do Filho de Deus, e cheguemos \u00e0 maturidade, atingindo a medida da plenitude de Cristo\u201d.<\/p>\n\n\n\n<p>Ent\u00e3o, quando distribu\u00edmos nossos dons e talentos numa mesa e compartilhamos as nossas expectativas, ideias, dores, d\u00favidas e temos uma vida em unidade, ningu\u00e9m adoece.<\/p>\n\n\n\n<p>Porque quando um dos minist\u00e9rios n\u00e3o est\u00e1 bem, existem outros quatro para abra\u00e7ar e \u201cdar suporte\u201d. Um movimento assim leva a Igreja \u00e0 maturidade, como diz o texto em Ef\u00e9sios.<\/p>\n\n\n\n<p>Que Deus nos ajude a ter clareza do nosso dom,&nbsp;<a href=\"https:\/\/www.guiame.com.br\/gospel\/mundo-cristao\/claudio-duarte-primeiro-deus-mostra-o-proposito-e-depois-envia-os-recursos.html\"><strong>nos ajude no desenvolvimento desse dom<\/strong><\/a>&nbsp;e nos ajude a encontrar as pessoas com quem devemos compartilhar esse dom.<\/p>\n\n\n\n<p>E lembre-se, o seu dom de nada serve se n\u00e3o for para servir o pr\u00f3ximo!<\/p>\n\n\n\n<p><em>\u201cH\u00e1 diferentes tipos de dons, mas o Esp\u00edrito \u00e9 o mesmo. H\u00e1 diferentes tipos de minist\u00e9rios, mas o Senhor \u00e9 o mesmo. H\u00e1 diferentes formas de atua\u00e7\u00e3o, mas \u00e9 o mesmo Deus quem efetua tudo em todos. A cada um, por\u00e9m, \u00e9 dada a manifesta\u00e7\u00e3o do Esp\u00edrito, visando ao bem comum\u201d. (1 Cor\u00edntios 12.4-7)<\/em><\/p>\n\n\n\n<p><em>\u201cEntretanto, busquem com dedica\u00e7\u00e3o os melhores dons. Passo agora a mostrar-lhes um caminho ainda mais excelente\u201d. (1 Cor\u00edntios 12.31)<\/em><\/p>\n\n\n\n<p>E esse foi o estudo desta semana. Espero ter tirado sua d\u00favida e tamb\u00e9m colaborado para seu crescimento espiritual. Beijo no cora\u00e7\u00e3o e at\u00e9 a pr\u00f3xima, se Deus quiser!<\/p>\n\n\n\n<p>Por&nbsp;<a href=\"https:\/\/t.me\/bibliainvestigada\"><strong>Cris Beloni<\/strong><\/a>, jornalista crist\u00e3, pesquisadora e escritora. Lidera o&nbsp;<strong>m<\/strong><a href=\"https:\/\/www.facebook.com\/groups\/apocalipsehoje\/\"><strong>ovimento B\u00edblia Investigada<\/strong><\/a>&nbsp;e ajuda as pessoas no entendimento b\u00edblico, na organiza\u00e7\u00e3o de ideias e na&nbsp;<a href=\"https:\/\/www.instagram.com\/crisbeloni_\/\"><strong>ativa\u00e7\u00e3o de seus dons<\/strong><\/a>. Trabalha com miss\u00f5es transculturais, Igreja Perseguida, teorias cient\u00edficas, escatologia e an\u00e1lise de textos b\u00edblicos.<\/p>\n\n\n\n<p><em>* O conte\u00fado do texto acima \u00e9 de colabora\u00e7\u00e3o volunt\u00e1ria, seu teor \u00e9 de total responsabilidade do autor e n\u00e3o reflete necessariamente a opini\u00e3o do<\/em> Di\u00e1rio Gospel <\/p>\n","protected":false},"excerpt":{"rendered":"<p>\u201cE ele designou alguns para ap\u00f3stolos, outros para profetas, outros para evangelistas, e outros para pastores e mestres, com o fim de preparar os santos para a obra do minist\u00e9rio, para que o corpo de Cristo seja edificado, at\u00e9 que todos alcancemos a unidade da f\u00e9 e do conhecimento do Filho de Deus, e cheguemos [&hellip;]<\/p>\n","protected":false},"author":2,"featured_media":14572,"comment_status":"open","ping_status":"open","sticky":false,"template":"","format":"standard","meta":[],"categories":[11],"tags":[],"_links":{"self":[{"href":"https:\/\/dgospel.com.br\/portal\/index.php\/wp-json\/wp\/v2\/posts\/14571"}],"collection":[{"href":"https:\/\/dgospel.com.br\/portal\/index.php\/wp-json\/wp\/v2\/posts"}],"about":[{"href":"https:\/\/dgospel.com.br\/portal\/index.php\/wp-json\/wp\/v2\/types\/post"}],"author":[{"embeddable":true,"href":"https:\/\/dgospel.com.br\/portal\/index.php\/wp-json\/wp\/v2\/users\/2"}],"replies":[{"embeddable":true,"href":"https:\/\/dgospel.com.br\/portal\/index.php\/wp-json\/wp\/v2\/comments?post=14571"}],"version-history":[{"count":1,"href":"https:\/\/dgospel.com.br\/portal\/index.php\/wp-json\/wp\/v2\/posts\/14571\/revisions"}],"predecessor-version":[{"id":14573,"href":"https:\/\/dgospel.com.br\/portal\/index.php\/wp-json\/wp\/v2\/posts\/14571\/revisions\/14573"}],"wp:featuredmedia":[{"embeddable":true,"href":"https:\/\/dgospel.com.br\/portal\/index.php\/wp-json\/wp\/v2\/media\/14572"}],"wp:attachment":[{"href":"https:\/\/dgospel.com.br\/portal\/index.php\/wp-json\/wp\/v2\/media?parent=14571"}],"wp:term":[{"taxonomy":"category","embeddable":true,"href":"https:\/\/dgospel.com.br\/portal\/index.php\/wp-json\/wp\/v2\/categories?post=14571"},{"taxonomy":"post_tag","embeddable":true,"href":"https:\/\/dgospel.com.br\/portal\/index.php\/wp-json\/wp\/v2\/tags?post=14571"}],"curies":[{"name":"wp","href":"https:\/\/api.w.org\/{rel}","templated":true}]}}